[{"@context":"https:\/\/schema.org\/","@type":"Article","@id":"https:\/\/www.ogivi.cz\/dokonaly-interier\/#Article","mainEntityOfPage":"https:\/\/www.ogivi.cz\/dokonaly-interier\/","headline":"Dokonal\u00fd interi\u00e9r","name":"Dokonal\u00fd interi\u00e9r","description":"Mnoho lid\u00ed sn\u00ed o n\u011bjak\u00fdch novink\u00e1ch, kter\u00e9 by doma mohli m\u00edt. Proto vyhled\u00e1vaj\u00ed tak\u00e9 r\u016fzn\u00e9 zaj\u00edmav\u00e9 zbo\u017e\u00ed, kter\u00e9 je vysok\u00e9&hellip;","datePublished":"2022-10-16","dateModified":"2023-05-03","author":{"@type":"Person","@id":"https:\/\/www.ogivi.cz\/author\/#Person","name":"","url":"https:\/\/www.ogivi.cz\/author\/","identifier":1,"image":{"@type":"ImageObject","@id":"https:\/\/secure.gravatar.com\/avatar\/212a6ea425a80cff3df937dbbc230f07127cee4fead311d1e3d946308365d666?s=96&d=mm&r=g","url":"https:\/\/secure.gravatar.com\/avatar\/212a6ea425a80cff3df937dbbc230f07127cee4fead311d1e3d946308365d666?s=96&d=mm&r=g","height":96,"width":96}},"publisher":{"@type":"Organization","name":"ogivi.cz","logo":{"@type":"ImageObject","@id":"\/logo.png","url":"\/logo.png","width":600,"height":60}},"image":{"@type":"ImageObject","@id":"https:\/\/www.ogivi.cz\/wp-content\/uploads\/stairs-1036882_960_720_2.jpg","url":"https:\/\/www.ogivi.cz\/wp-content\/uploads\/stairs-1036882_960_720_2.jpg","height":0,"width":0},"url":"https:\/\/www.ogivi.cz\/dokonaly-interier\/","about":["Nakupov\u00e1n\u00ed"],"wordCount":414,"articleBody":"       Mnoho lid\u00ed sn\u00ed o n\u011bjak\u00fdch novink\u00e1ch, kter\u00e9 by doma mohli m\u00edt. Proto vyhled\u00e1vaj\u00ed tak\u00e9 r\u016fzn\u00e9 zaj\u00edmav\u00e9 zbo\u017e\u00ed, kter\u00e9 je vysok\u00e9 kvality a kter\u00e9 je samoz\u0159ejm\u011b modern\u00ed. A jak jinak, \u017ee? A dne\u0161n\u00ed mlad\u00e9 modern\u00ed rodiny cht\u011bj\u00ed m\u00edt takov\u00e9 bydlen\u00ed a takov\u00fd interi\u00e9r, kter\u00fd vid\u00ed v televizi nebo v \u010dasopisech. Kolikr\u00e1t jsem vid\u011bla r\u016fzn\u00e9 \u010dasopisy, kde pr\u00e1v\u011b p\u0159edstavuj\u00ed r\u016fzn\u00e9 interi\u00e9r, kter\u00fd je pr\u00e1v\u011b modern\u00ed a popul\u00e1rn\u00ed. J\u00e1 abych se p\u0159iznala, tak jsem taky do tohoto \u00fapln\u00fd bl\u00e1zen. Bav\u00ed m\u011b prohl\u00ed\u017eet si \u010dasopisy, kde je v\u0161echno o interi\u00e9ru a tak podobn\u011b. Proto jsem si \u0159ekla, \u017ee a\u017e budu p\u0159ed\u011bl\u00e1vat svou kuchy\u0148 a ob\u00fdv\u00e1k, tak bych se samoz\u0159ejm\u011b taky moc r\u00e1da pod\u00edvala do n\u011bkter\u00e9ho \u010dasopisu, kde jsou uveden\u00e9 v\u0161echny interi\u00e9rov\u00e9 designy. To bude n\u011bco pro m\u011b! A tohle se t\u00fdk\u00e1 tak\u00e9 nap\u0159\u00edklad schodi\u0161t\u011b na m\u00edru. Budeme s p\u0159\u00edtelem rekonstruovat schodi\u0161t\u011b, kter\u00e9 m\u00e1me z chodby do lo\u017enice.A \u0159ekla jsem si, \u017ee kdy\u017e tohle u\u017e budeme d\u011blat a p\u0159ed\u011bl\u00e1vat, tak bude nejlep\u0161\u00ed, kdy\u017e schodi\u0161t\u011b bude na m\u00edru. P\u0159\u00edtel chv\u00edli uva\u017eoval a p\u0159em\u00fd\u0161lel, \u017ee pr\u00fd schodi\u0161t\u011b na m\u00edru Fa-havlicek bude velmi drah\u00e9. Proto\u017ee je logick\u00e9, \u017ee kdy\u017e v\u0161echno, co je na m\u00edru d\u011blan\u00e9 a proveden\u00e9, tak taky stoj\u00ed v\u00edce pen\u011bz. J\u00e1 tohle sice ch\u00e1pu a rozum\u00edm tomu. Jenom\u017ee kdy\u017e m\u00e1te doma schodi\u0161t\u011b na m\u00edru, tak jist\u011b v\u00edte, \u017ee v\u00e1m tam bude perfektn\u011b padnout. Bude to vlastn\u011b u\u017e nadesignovan\u00e9 a taky p\u0159esn\u011b nam\u011b\u0159en\u00e9, tak\u017ee se nemus\u00edte b\u00e1t, \u017ee v\u00e1m n\u011bkde bude jeden schod p\u0159e\u010dn\u00edvat anebo chyb\u011bt. Nakonec jsem p\u0159\u00edtele p\u0159esv\u011bd\u010dila, tak\u017ee budeme m\u00edt schodi\u0161t\u011b na m\u00edru. Vybrala jsem si opravdu kr\u00e1sn\u00e9 d\u0159ev\u011bn\u00e9 tmav\u00e9 ebenov\u00e9 schodi\u0161t\u011b, kter\u00e9 bude ladit s m\u00fdm n\u00e1bytkem v chodb\u011b. A jsem r\u00e1da, \u017ee se p\u0159\u00edtel takhle rozhodl, proto\u017ee opravdu bych byla ne\u0161\u0165astn\u00e1, kdyby p\u0159\u00edtel cht\u011bl schodi\u0161t\u011b na m\u00edru opravdu jin\u00e9 anebo v\u016fbec. A jak byste se zachovali vy, kdyby jste m\u011bli ka\u017ed\u00fd odli\u0161n\u00fd n\u00e1zor??                                                                                                                                                                                                                                                                                                                                                                                                 "},{"@context":"https:\/\/schema.org\/","@type":"BreadcrumbList","itemListElement":[{"@type":"ListItem","position":1,"name":"Dokonal\u00fd interi\u00e9r","item":"https:\/\/www.ogivi.cz\/dokonaly-interier\/#breadcrumbitem"}]}]