{"@context":"https:\/\/schema.org\/","@type":"CollectionPage","@id":"https:\/\/www.ogivi.cz\/firmy\/#CollectionPage","headline":"Firmy Category","description":"","url":"https:\/\/www.ogivi.cz\/firmy\/","hasPart":[{"@type":"Article","@id":"https:\/\/www.ogivi.cz\/jak-ukotvit-mineralni-vatu-na-fasadu-bez-tepelnych-mostu\/","headline":"Jak ukotvit miner\u00e1ln\u00ed vatu na fas\u00e1du bez tepeln\u00fdch most\u016f","url":"https:\/\/www.ogivi.cz\/jak-ukotvit-mineralni-vatu-na-fasadu-bez-tepelnych-mostu\/","datePublished":"2024-12-10","dateModified":"2024-12-10","mainEntityOfPage":"https:\/\/www.ogivi.cz\/jak-ukotvit-mineralni-vatu-na-fasadu-bez-tepelnych-mostu\/","author":{"@type":"Person","@id":"https:\/\/www.ogivi.cz\/author\/#Person","name":"","url":"https:\/\/www.ogivi.cz\/author\/","identifier":1,"image":{"@type":"ImageObject","@id":"https:\/\/secure.gravatar.com\/avatar\/212a6ea425a80cff3df937dbbc230f07127cee4fead311d1e3d946308365d666?s=96&d=mm&r=g","url":"https:\/\/secure.gravatar.com\/avatar\/212a6ea425a80cff3df937dbbc230f07127cee4fead311d1e3d946308365d666?s=96&d=mm&r=g","height":96,"width":96}},"publisher":{"@type":"Organization","name":"ogivi.cz","logo":{"@type":"ImageObject","@id":"\/logo.png","url":"\/logo.png","width":600,"height":60}},"image":{"@type":"ImageObject","@id":"https:\/\/www.ogivi.cz\/wp-content\/uploads\/construction-site-3421177_640_10.jpg","url":"https:\/\/www.ogivi.cz\/wp-content\/uploads\/construction-site-3421177_640_10.jpg","height":0,"width":0},"keywords":null},{"@type":"Article","@id":"https:\/\/www.ogivi.cz\/budete-v-suchu\/","headline":"Budete v suchu","url":"https:\/\/www.ogivi.cz\/budete-v-suchu\/","datePublished":"2024-11-09","dateModified":"2024-11-09","mainEntityOfPage":"https:\/\/www.ogivi.cz\/budete-v-suchu\/","author":{"@type":"Person","@id":"https:\/\/www.ogivi.cz\/author\/#Person","name":"","url":"https:\/\/www.ogivi.cz\/author\/","identifier":1,"image":{"@type":"ImageObject","@id":"https:\/\/secure.gravatar.com\/avatar\/212a6ea425a80cff3df937dbbc230f07127cee4fead311d1e3d946308365d666?s=96&d=mm&r=g","url":"https:\/\/secure.gravatar.com\/avatar\/212a6ea425a80cff3df937dbbc230f07127cee4fead311d1e3d946308365d666?s=96&d=mm&r=g","height":96,"width":96}},"publisher":{"@type":"Organization","name":"ogivi.cz","logo":{"@type":"ImageObject","@id":"\/logo.png","url":"\/logo.png","width":600,"height":60}},"image":{"@type":"ImageObject","@id":"https:\/\/www.ogivi.cz\/wp-content\/uploads\/party-5998464_640_10_10_10_1.jpg","url":"https:\/\/www.ogivi.cz\/wp-content\/uploads\/party-5998464_640_10_10_10_1.jpg","height":0,"width":0},"keywords":null},{"@type":"Article","@id":"https:\/\/www.ogivi.cz\/neni-lehke-je-vyhnat\/","headline":"Nen\u00ed lehk\u00e9 je vyhnat","url":"https:\/\/www.ogivi.cz\/neni-lehke-je-vyhnat\/","datePublished":"2024-10-19","dateModified":"2024-10-19","mainEntityOfPage":"https:\/\/www.ogivi.cz\/neni-lehke-je-vyhnat\/","author":{"@type":"Person","@id":"https:\/\/www.ogivi.cz\/author\/#Person","name":"","url":"https:\/\/www.ogivi.cz\/author\/","identifier":1,"image":{"@type":"ImageObject","@id":"https:\/\/secure.gravatar.com\/avatar\/212a6ea425a80cff3df937dbbc230f07127cee4fead311d1e3d946308365d666?s=96&d=mm&r=g","url":"https:\/\/secure.gravatar.com\/avatar\/212a6ea425a80cff3df937dbbc230f07127cee4fead311d1e3d946308365d666?s=96&d=mm&r=g","height":96,"width":96}},"publisher":{"@type":"Organization","name":"ogivi.cz","logo":{"@type":"ImageObject","@id":"\/logo.png","url":"\/logo.png","width":600,"height":60}},"image":{"@type":"ImageObject","@id":"https:\/\/www.ogivi.cz\/wp-content\/uploads\/covid-19-4974768_640_10_2.jpg","url":"https:\/\/www.ogivi.cz\/wp-content\/uploads\/covid-19-4974768_640_10_2.jpg","height":0,"width":0},"keywords":null},{"@type":"Article","@id":"https:\/\/www.ogivi.cz\/bosonohy-vyslap-na-praded\/","headline":"Bosonoh\u00fd v\u00fd\u0161lap na Prad\u011bd","url":"https:\/\/www.ogivi.cz\/bosonohy-vyslap-na-praded\/","datePublished":"2024-05-28","dateModified":"2024-05-28","mainEntityOfPage":"https:\/\/www.ogivi.cz\/bosonohy-vyslap-na-praded\/","author":{"@type":"Person","@id":"https:\/\/www.ogivi.cz\/author\/#Person","name":"","url":"https:\/\/www.ogivi.cz\/author\/","identifier":1,"image":{"@type":"ImageObject","@id":"https:\/\/secure.gravatar.com\/avatar\/212a6ea425a80cff3df937dbbc230f07127cee4fead311d1e3d946308365d666?s=96&d=mm&r=g","url":"https:\/\/secure.gravatar.com\/avatar\/212a6ea425a80cff3df937dbbc230f07127cee4fead311d1e3d946308365d666?s=96&d=mm&r=g","height":96,"width":96}},"publisher":{"@type":"Organization","name":"ogivi.cz","logo":{"@type":"ImageObject","@id":"\/logo.png","url":"\/logo.png","width":600,"height":60}},"image":{"@type":"ImageObject","@id":"https:\/\/www.ogivi.cz\/wp-content\/uploads\/mountain-7565546_640.jpg","url":"https:\/\/www.ogivi.cz\/wp-content\/uploads\/mountain-7565546_640.jpg","height":0,"width":0},"keywords":null},{"@type":"Article","@id":"https:\/\/www.ogivi.cz\/kam-nosit-saty\/","headline":"Kam nosit \u0161aty?","url":"https:\/\/www.ogivi.cz\/kam-nosit-saty\/","datePublished":"2024-04-22","dateModified":"2024-06-12","mainEntityOfPage":"https:\/\/www.ogivi.cz\/kam-nosit-saty\/","author":{"@type":"Person","@id":"https:\/\/www.ogivi.cz\/author\/#Person","name":"","url":"https:\/\/www.ogivi.cz\/author\/","identifier":1,"image":{"@type":"ImageObject","@id":"https:\/\/secure.gravatar.com\/avatar\/212a6ea425a80cff3df937dbbc230f07127cee4fead311d1e3d946308365d666?s=96&d=mm&r=g","url":"https:\/\/secure.gravatar.com\/avatar\/212a6ea425a80cff3df937dbbc230f07127cee4fead311d1e3d946308365d666?s=96&d=mm&r=g","height":96,"width":96}},"publisher":{"@type":"Organization","name":"ogivi.cz","logo":{"@type":"ImageObject","@id":"\/logo.png","url":"\/logo.png","width":600,"height":60}},"image":{"@type":"ImageObject","@id":"https:\/\/www.ogivi.cz\/wp-content\/uploads\/pexels-cottonbro-studio-6188166_2.jpg","url":"https:\/\/www.ogivi.cz\/wp-content\/uploads\/pexels-cottonbro-studio-6188166_2.jpg","height":0,"width":0},"keywords":null},{"@type":"Article","@id":"https:\/\/www.ogivi.cz\/moderni-sidlo-firmy\/","headline":"Modern\u00ed s\u00eddlo firmy","url":"https:\/\/www.ogivi.cz\/moderni-sidlo-firmy\/","datePublished":"2023-08-27","dateModified":"2023-11-14","mainEntityOfPage":"https:\/\/www.ogivi.cz\/moderni-sidlo-firmy\/","author":{"@type":"Person","@id":"https:\/\/www.ogivi.cz\/author\/#Person","name":"","url":"https:\/\/www.ogivi.cz\/author\/","identifier":1,"image":{"@type":"ImageObject","@id":"https:\/\/secure.gravatar.com\/avatar\/212a6ea425a80cff3df937dbbc230f07127cee4fead311d1e3d946308365d666?s=96&d=mm&r=g","url":"https:\/\/secure.gravatar.com\/avatar\/212a6ea425a80cff3df937dbbc230f07127cee4fead311d1e3d946308365d666?s=96&d=mm&r=g","height":96,"width":96}},"publisher":{"@type":"Organization","name":"ogivi.cz","logo":{"@type":"ImageObject","@id":"\/logo.png","url":"\/logo.png","width":600,"height":60}},"image":{"@type":"ImageObject","@id":"https:\/\/www.ogivi.cz\/wp-content\/uploads\/smartphone-703385_1280.jpg","url":"https:\/\/www.ogivi.cz\/wp-content\/uploads\/smartphone-703385_1280.jpg","height":0,"width":0},"keywords":null},{"@type":"Article","@id":"https:\/\/www.ogivi.cz\/vanocni-darek-na-about-you-damska-mikina-a-sportovni-komplet\/","headline":"V\u00e1no\u010dn\u00ed d\u00e1rek na About You \u2013 d\u00e1msk\u00e1 mikina a sportovn\u00ed komplet","url":"https:\/\/www.ogivi.cz\/vanocni-darek-na-about-you-damska-mikina-a-sportovni-komplet\/","datePublished":"2023-08-20","dateModified":"2023-08-20","mainEntityOfPage":"https:\/\/www.ogivi.cz\/vanocni-darek-na-about-you-damska-mikina-a-sportovni-komplet\/","author":{"@type":"Person","@id":"https:\/\/www.ogivi.cz\/author\/#Person","name":"","url":"https:\/\/www.ogivi.cz\/author\/","identifier":1,"image":{"@type":"ImageObject","@id":"https:\/\/secure.gravatar.com\/avatar\/212a6ea425a80cff3df937dbbc230f07127cee4fead311d1e3d946308365d666?s=96&d=mm&r=g","url":"https:\/\/secure.gravatar.com\/avatar\/212a6ea425a80cff3df937dbbc230f07127cee4fead311d1e3d946308365d666?s=96&d=mm&r=g","height":96,"width":96}},"publisher":{"@type":"Organization","name":"ogivi.cz","logo":{"@type":"ImageObject","@id":"\/logo.png","url":"\/logo.png","width":600,"height":60}},"image":{"@type":"ImageObject","@id":"https:\/\/www.ogivi.cz\/wp-content\/uploads\/woman-3295415_640.jpg","url":"https:\/\/www.ogivi.cz\/wp-content\/uploads\/woman-3295415_640.jpg","height":0,"width":0},"keywords":null},{"@type":"Article","@id":"https:\/\/www.ogivi.cz\/cim-se-zabyva-hydrogeolog\/","headline":"\u010c\u00edm se zab\u00fdv\u00e1 hydrogeolog","url":"https:\/\/www.ogivi.cz\/cim-se-zabyva-hydrogeolog\/","datePublished":"2023-02-14","dateModified":"2023-05-03","mainEntityOfPage":"https:\/\/www.ogivi.cz\/cim-se-zabyva-hydrogeolog\/","author":{"@type":"Person","@id":"https:\/\/www.ogivi.cz\/author\/#Person","name":"","url":"https:\/\/www.ogivi.cz\/author\/","identifier":1,"image":{"@type":"ImageObject","@id":"https:\/\/secure.gravatar.com\/avatar\/212a6ea425a80cff3df937dbbc230f07127cee4fead311d1e3d946308365d666?s=96&d=mm&r=g","url":"https:\/\/secure.gravatar.com\/avatar\/212a6ea425a80cff3df937dbbc230f07127cee4fead311d1e3d946308365d666?s=96&d=mm&r=g","height":96,"width":96}},"publisher":{"@type":"Organization","name":"ogivi.cz","logo":{"@type":"ImageObject","@id":"\/logo.png","url":"\/logo.png","width":600,"height":60}},"image":{"@type":"ImageObject","@id":"https:\/\/www.ogivi.cz\/wp-content\/uploads\/voda1_2.jpg","url":"https:\/\/www.ogivi.cz\/wp-content\/uploads\/voda1_2.jpg","height":0,"width":0},"keywords":null},{"@type":"Article","@id":"https:\/\/www.ogivi.cz\/co-potrebuje-kazda-spolecnost\/","headline":"Co pot\u0159ebuje ka\u017ed\u00e1 spole\u010dnost","url":"https:\/\/www.ogivi.cz\/co-potrebuje-kazda-spolecnost\/","datePublished":"2023-01-19","dateModified":"2023-05-03","mainEntityOfPage":"https:\/\/www.ogivi.cz\/co-potrebuje-kazda-spolecnost\/","author":{"@type":"Person","@id":"https:\/\/www.ogivi.cz\/author\/#Person","name":"","url":"https:\/\/www.ogivi.cz\/author\/","identifier":1,"image":{"@type":"ImageObject","@id":"https:\/\/secure.gravatar.com\/avatar\/212a6ea425a80cff3df937dbbc230f07127cee4fead311d1e3d946308365d666?s=96&d=mm&r=g","url":"https:\/\/secure.gravatar.com\/avatar\/212a6ea425a80cff3df937dbbc230f07127cee4fead311d1e3d946308365d666?s=96&d=mm&r=g","height":96,"width":96}},"publisher":{"@type":"Organization","name":"ogivi.cz","logo":{"@type":"ImageObject","@id":"\/logo.png","url":"\/logo.png","width":600,"height":60}},"image":{"@type":"ImageObject","@id":"https:\/\/www.ogivi.cz\/wp-content\/uploads\/london-3794348__480.jpg","url":"https:\/\/www.ogivi.cz\/wp-content\/uploads\/london-3794348__480.jpg","height":0,"width":0},"keywords":null},{"@type":"Article","@id":"https:\/\/www.ogivi.cz\/videa-ze-socialnich-siti-se-daji-stahnout\/","headline":"Videa ze soci\u00e1ln\u00edch s\u00edt\u00ed se daj\u00ed st\u00e1hnout","url":"https:\/\/www.ogivi.cz\/videa-ze-socialnich-siti-se-daji-stahnout\/","datePublished":"2022-12-31","dateModified":"2022-12-31","mainEntityOfPage":"https:\/\/www.ogivi.cz\/videa-ze-socialnich-siti-se-daji-stahnout\/","author":{"@type":"Person","@id":"https:\/\/www.ogivi.cz\/author\/#Person","name":"","url":"https:\/\/www.ogivi.cz\/author\/","identifier":1,"image":{"@type":"ImageObject","@id":"https:\/\/secure.gravatar.com\/avatar\/212a6ea425a80cff3df937dbbc230f07127cee4fead311d1e3d946308365d666?s=96&d=mm&r=g","url":"https:\/\/secure.gravatar.com\/avatar\/212a6ea425a80cff3df937dbbc230f07127cee4fead311d1e3d946308365d666?s=96&d=mm&r=g","height":96,"width":96}},"publisher":{"@type":"Organization","name":"ogivi.cz","logo":{"@type":"ImageObject","@id":"\/logo.png","url":"\/logo.png","width":600,"height":60}},"image":{"@type":"ImageObject","@id":"https:\/\/www.ogivi.cz\/wp-content\/uploads\/media-gfbfc7f896_640.jpg","url":"https:\/\/www.ogivi.cz\/wp-content\/uploads\/media-gfbfc7f896_640.jpg","height":0,"width":0},"keywords":null}]}