{"@context":"https:\/\/schema.org\/","@type":"CollectionPage","@id":"https:\/\/www.ogivi.cz\/firmy\/#CollectionPage","headline":"Firmy Category","description":"","url":"https:\/\/www.ogivi.cz\/firmy\/","hasPart":[{"@type":"Article","@id":"https:\/\/www.ogivi.cz\/try-shooting\/","headline":"Try shooting","url":"https:\/\/www.ogivi.cz\/try-shooting\/","datePublished":"2022-12-27","dateModified":"2023-05-03","mainEntityOfPage":"https:\/\/www.ogivi.cz\/try-shooting\/","author":{"@type":"Person","@id":"https:\/\/www.ogivi.cz\/author\/#Person","name":"","url":"https:\/\/www.ogivi.cz\/author\/","identifier":1,"image":{"@type":"ImageObject","@id":"https:\/\/secure.gravatar.com\/avatar\/212a6ea425a80cff3df937dbbc230f07127cee4fead311d1e3d946308365d666?s=96&d=mm&r=g","url":"https:\/\/secure.gravatar.com\/avatar\/212a6ea425a80cff3df937dbbc230f07127cee4fead311d1e3d946308365d666?s=96&d=mm&r=g","height":96,"width":96}},"publisher":{"@type":"Organization","name":"ogivi.cz","logo":{"@type":"ImageObject","@id":"\/logo.png","url":"\/logo.png","width":600,"height":60}},"image":{"@type":"ImageObject","@id":"https:\/\/www.ogivi.cz\/wp-content\/uploads\/revolver-2922_960_720_1.jpg","url":"https:\/\/www.ogivi.cz\/wp-content\/uploads\/revolver-2922_960_720_1.jpg","height":0,"width":0},"keywords":null},{"@type":"Article","@id":"https:\/\/www.ogivi.cz\/bezstarostne-vyklizeni-bytu-s-profesionaly\/","headline":"Bezstarostn\u00e9 vykl\u00edzen\u00ed bytu s profesion\u00e1ly","url":"https:\/\/www.ogivi.cz\/bezstarostne-vyklizeni-bytu-s-profesionaly\/","datePublished":"2022-11-27","dateModified":"2023-05-03","mainEntityOfPage":"https:\/\/www.ogivi.cz\/bezstarostne-vyklizeni-bytu-s-profesionaly\/","author":{"@type":"Person","@id":"https:\/\/www.ogivi.cz\/author\/#Person","name":"","url":"https:\/\/www.ogivi.cz\/author\/","identifier":1,"image":{"@type":"ImageObject","@id":"https:\/\/secure.gravatar.com\/avatar\/212a6ea425a80cff3df937dbbc230f07127cee4fead311d1e3d946308365d666?s=96&d=mm&r=g","url":"https:\/\/secure.gravatar.com\/avatar\/212a6ea425a80cff3df937dbbc230f07127cee4fead311d1e3d946308365d666?s=96&d=mm&r=g","height":96,"width":96}},"publisher":{"@type":"Organization","name":"ogivi.cz","logo":{"@type":"ImageObject","@id":"\/logo.png","url":"\/logo.png","width":600,"height":60}},"image":{"@type":"ImageObject","@id":"https:\/\/www.ogivi.cz\/wp-content\/uploads\/living-room-gfed490574_640.jpg","url":"https:\/\/www.ogivi.cz\/wp-content\/uploads\/living-room-gfed490574_640.jpg","height":0,"width":0},"keywords":null},{"@type":"Article","@id":"https:\/\/www.ogivi.cz\/k-rekonstrukci-rekreacni-chaty-patri-i-renovace-kamenneho-schodiste\/","headline":"K rekonstrukci rekrea\u010dn\u00ed chaty pat\u0159\u00ed i renovace kamenn\u00e9ho schodi\u0161t\u011b","url":"https:\/\/www.ogivi.cz\/k-rekonstrukci-rekreacni-chaty-patri-i-renovace-kamenneho-schodiste\/","datePublished":"2022-11-14","dateModified":"2023-05-03","mainEntityOfPage":"https:\/\/www.ogivi.cz\/k-rekonstrukci-rekreacni-chaty-patri-i-renovace-kamenneho-schodiste\/","author":{"@type":"Person","@id":"https:\/\/www.ogivi.cz\/author\/#Person","name":"","url":"https:\/\/www.ogivi.cz\/author\/","identifier":1,"image":{"@type":"ImageObject","@id":"https:\/\/secure.gravatar.com\/avatar\/212a6ea425a80cff3df937dbbc230f07127cee4fead311d1e3d946308365d666?s=96&d=mm&r=g","url":"https:\/\/secure.gravatar.com\/avatar\/212a6ea425a80cff3df937dbbc230f07127cee4fead311d1e3d946308365d666?s=96&d=mm&r=g","height":96,"width":96}},"publisher":{"@type":"Organization","name":"ogivi.cz","logo":{"@type":"ImageObject","@id":"\/logo.png","url":"\/logo.png","width":600,"height":60}},"image":{"@type":"ImageObject","@id":"https:\/\/www.ogivi.cz\/wp-content\/uploads\/stairs-g47515ae8f_640.jpg","url":"https:\/\/www.ogivi.cz\/wp-content\/uploads\/stairs-g47515ae8f_640.jpg","height":0,"width":0},"keywords":null},{"@type":"Article","@id":"https:\/\/www.ogivi.cz\/pujcovna-osobnich-vozu-a-dodavek\/","headline":"P\u016fj\u010dovna osobn\u00edch voz\u016f a dod\u00e1vek","url":"https:\/\/www.ogivi.cz\/pujcovna-osobnich-vozu-a-dodavek\/","datePublished":"2022-11-14","dateModified":"2023-05-03","mainEntityOfPage":"https:\/\/www.ogivi.cz\/pujcovna-osobnich-vozu-a-dodavek\/","author":{"@type":"Person","@id":"https:\/\/www.ogivi.cz\/author\/#Person","name":"","url":"https:\/\/www.ogivi.cz\/author\/","identifier":1,"image":{"@type":"ImageObject","@id":"https:\/\/secure.gravatar.com\/avatar\/212a6ea425a80cff3df937dbbc230f07127cee4fead311d1e3d946308365d666?s=96&d=mm&r=g","url":"https:\/\/secure.gravatar.com\/avatar\/212a6ea425a80cff3df937dbbc230f07127cee4fead311d1e3d946308365d666?s=96&d=mm&r=g","height":96,"width":96}},"publisher":{"@type":"Organization","name":"ogivi.cz","logo":{"@type":"ImageObject","@id":"\/logo.png","url":"\/logo.png","width":600,"height":60}},"image":{"@type":"ImageObject","@id":"https:\/\/www.ogivi.cz\/wp-content\/uploads\/bmw-g238bdebc0_1920.jpg","url":"https:\/\/www.ogivi.cz\/wp-content\/uploads\/bmw-g238bdebc0_1920.jpg","height":0,"width":0},"keywords":null},{"@type":"Article","@id":"https:\/\/www.ogivi.cz\/navstevy-zubare\/","headline":"N\u00e1v\u0161t\u011bvy zuba\u0159e","url":"https:\/\/www.ogivi.cz\/navstevy-zubare\/","datePublished":"2022-11-13","dateModified":"2023-12-20","mainEntityOfPage":"https:\/\/www.ogivi.cz\/navstevy-zubare\/","author":{"@type":"Person","@id":"https:\/\/www.ogivi.cz\/author\/#Person","name":"","url":"https:\/\/www.ogivi.cz\/author\/","identifier":1,"image":{"@type":"ImageObject","@id":"https:\/\/secure.gravatar.com\/avatar\/212a6ea425a80cff3df937dbbc230f07127cee4fead311d1e3d946308365d666?s=96&d=mm&r=g","url":"https:\/\/secure.gravatar.com\/avatar\/212a6ea425a80cff3df937dbbc230f07127cee4fead311d1e3d946308365d666?s=96&d=mm&r=g","height":96,"width":96}},"publisher":{"@type":"Organization","name":"ogivi.cz","logo":{"@type":"ImageObject","@id":"\/logo.png","url":"\/logo.png","width":600,"height":60}},"image":{"@type":"ImageObject","@id":"https:\/\/www.ogivi.cz\/wp-content\/uploads\/tiger-2430625_960_720.jpg","url":"https:\/\/www.ogivi.cz\/wp-content\/uploads\/tiger-2430625_960_720.jpg","height":0,"width":0},"keywords":null},{"@type":"Article","@id":"https:\/\/www.ogivi.cz\/s-dodavkou-do-vysokych-tater\/","headline":"S dod\u00e1vkou do Vysok\u00fdch Tater","url":"https:\/\/www.ogivi.cz\/s-dodavkou-do-vysokych-tater\/","datePublished":"2022-11-13","dateModified":"2023-05-03","mainEntityOfPage":"https:\/\/www.ogivi.cz\/s-dodavkou-do-vysokych-tater\/","author":{"@type":"Person","@id":"https:\/\/www.ogivi.cz\/author\/#Person","name":"","url":"https:\/\/www.ogivi.cz\/author\/","identifier":1,"image":{"@type":"ImageObject","@id":"https:\/\/secure.gravatar.com\/avatar\/212a6ea425a80cff3df937dbbc230f07127cee4fead311d1e3d946308365d666?s=96&d=mm&r=g","url":"https:\/\/secure.gravatar.com\/avatar\/212a6ea425a80cff3df937dbbc230f07127cee4fead311d1e3d946308365d666?s=96&d=mm&r=g","height":96,"width":96}},"publisher":{"@type":"Organization","name":"ogivi.cz","logo":{"@type":"ImageObject","@id":"\/logo.png","url":"\/logo.png","width":600,"height":60}},"image":{"@type":"ImageObject","@id":"https:\/\/www.ogivi.cz\/wp-content\/uploads\/polish-tatra-mountains-gb1ac6c97e_640.jpg","url":"https:\/\/www.ogivi.cz\/wp-content\/uploads\/polish-tatra-mountains-gb1ac6c97e_640.jpg","height":0,"width":0},"keywords":null},{"@type":"Article","@id":"https:\/\/www.ogivi.cz\/dokonala-firma\/","headline":"Dokonal\u00e1 firma","url":"https:\/\/www.ogivi.cz\/dokonala-firma\/","datePublished":"2022-11-09","dateModified":"2023-05-03","mainEntityOfPage":"https:\/\/www.ogivi.cz\/dokonala-firma\/","author":{"@type":"Person","@id":"https:\/\/www.ogivi.cz\/author\/#Person","name":"","url":"https:\/\/www.ogivi.cz\/author\/","identifier":1,"image":{"@type":"ImageObject","@id":"https:\/\/secure.gravatar.com\/avatar\/212a6ea425a80cff3df937dbbc230f07127cee4fead311d1e3d946308365d666?s=96&d=mm&r=g","url":"https:\/\/secure.gravatar.com\/avatar\/212a6ea425a80cff3df937dbbc230f07127cee4fead311d1e3d946308365d666?s=96&d=mm&r=g","height":96,"width":96}},"publisher":{"@type":"Organization","name":"ogivi.cz","logo":{"@type":"ImageObject","@id":"\/logo.png","url":"\/logo.png","width":600,"height":60}},"image":{"@type":"ImageObject","@id":"https:\/\/www.ogivi.cz\/wp-content\/uploads\/company-gf59723e67_640.jpg","url":"https:\/\/www.ogivi.cz\/wp-content\/uploads\/company-gf59723e67_640.jpg","height":0,"width":0},"keywords":null},{"@type":"Article","@id":"https:\/\/www.ogivi.cz\/dovolena-v-dolni-morave-v-kterekoli-rocni-dobe\/","headline":"Dovolen\u00e1 v Doln\u00ed Morav\u011b v kter\u00e9koli ro\u010dn\u00ed dob\u011b","url":"https:\/\/www.ogivi.cz\/dovolena-v-dolni-morave-v-kterekoli-rocni-dobe\/","datePublished":"2022-11-06","dateModified":"2023-05-03","mainEntityOfPage":"https:\/\/www.ogivi.cz\/dovolena-v-dolni-morave-v-kterekoli-rocni-dobe\/","author":{"@type":"Person","@id":"https:\/\/www.ogivi.cz\/author\/#Person","name":"","url":"https:\/\/www.ogivi.cz\/author\/","identifier":1,"image":{"@type":"ImageObject","@id":"https:\/\/secure.gravatar.com\/avatar\/212a6ea425a80cff3df937dbbc230f07127cee4fead311d1e3d946308365d666?s=96&d=mm&r=g","url":"https:\/\/secure.gravatar.com\/avatar\/212a6ea425a80cff3df937dbbc230f07127cee4fead311d1e3d946308365d666?s=96&d=mm&r=g","height":96,"width":96}},"publisher":{"@type":"Organization","name":"ogivi.cz","logo":{"@type":"ImageObject","@id":"\/logo.png","url":"\/logo.png","width":600,"height":60}},"image":{"@type":"ImageObject","@id":"https:\/\/www.ogivi.cz\/wp-content\/uploads\/country-4406297_640_5.jpg","url":"https:\/\/www.ogivi.cz\/wp-content\/uploads\/country-4406297_640_5.jpg","height":0,"width":0},"keywords":null},{"@type":"Article","@id":"https:\/\/www.ogivi.cz\/webovky-na-eshop\/","headline":"Webovky na eshop","url":"https:\/\/www.ogivi.cz\/webovky-na-eshop\/","datePublished":"2022-10-27","dateModified":"2023-05-03","mainEntityOfPage":"https:\/\/www.ogivi.cz\/webovky-na-eshop\/","author":{"@type":"Person","@id":"https:\/\/www.ogivi.cz\/author\/#Person","name":"","url":"https:\/\/www.ogivi.cz\/author\/","identifier":1,"image":{"@type":"ImageObject","@id":"https:\/\/secure.gravatar.com\/avatar\/212a6ea425a80cff3df937dbbc230f07127cee4fead311d1e3d946308365d666?s=96&d=mm&r=g","url":"https:\/\/secure.gravatar.com\/avatar\/212a6ea425a80cff3df937dbbc230f07127cee4fead311d1e3d946308365d666?s=96&d=mm&r=g","height":96,"width":96}},"publisher":{"@type":"Organization","name":"ogivi.cz","logo":{"@type":"ImageObject","@id":"\/logo.png","url":"\/logo.png","width":600,"height":60}},"image":{"@type":"ImageObject","@id":"https:\/\/www.ogivi.cz\/wp-content\/uploads\/seo-3007472_960_720.jpg","url":"https:\/\/www.ogivi.cz\/wp-content\/uploads\/seo-3007472_960_720.jpg","height":0,"width":0},"keywords":null},{"@type":"Article","@id":"https:\/\/www.ogivi.cz\/kdy-je-vhodna-take-revize-spotrebicu\/","headline":"Kdy je vhodn\u00e1 tak\u00e9 revize spot\u0159ebi\u010d\u016f","url":"https:\/\/www.ogivi.cz\/kdy-je-vhodna-take-revize-spotrebicu\/","datePublished":"2022-10-25","dateModified":"2023-05-03","mainEntityOfPage":"https:\/\/www.ogivi.cz\/kdy-je-vhodna-take-revize-spotrebicu\/","author":{"@type":"Person","@id":"https:\/\/www.ogivi.cz\/author\/#Person","name":"","url":"https:\/\/www.ogivi.cz\/author\/","identifier":1,"image":{"@type":"ImageObject","@id":"https:\/\/secure.gravatar.com\/avatar\/212a6ea425a80cff3df937dbbc230f07127cee4fead311d1e3d946308365d666?s=96&d=mm&r=g","url":"https:\/\/secure.gravatar.com\/avatar\/212a6ea425a80cff3df937dbbc230f07127cee4fead311d1e3d946308365d666?s=96&d=mm&r=g","height":96,"width":96}},"publisher":{"@type":"Organization","name":"ogivi.cz","logo":{"@type":"ImageObject","@id":"\/logo.png","url":"\/logo.png","width":600,"height":60}},"image":{"@type":"ImageObject","@id":"https:\/\/www.ogivi.cz\/wp-content\/uploads\/elektrina1_10_10_4.jpg","url":"https:\/\/www.ogivi.cz\/wp-content\/uploads\/elektrina1_10_10_4.jpg","height":0,"width":0},"keywords":null}]}