[{"@context":"https:\/\/schema.org\/","@type":"Article","@id":"https:\/\/www.ogivi.cz\/kdyz-zadate-soukromi\/#Article","mainEntityOfPage":"https:\/\/www.ogivi.cz\/kdyz-zadate-soukromi\/","headline":"Kdy\u017e \u017e\u00e1d\u00e1te soukrom\u00ed","name":"Kdy\u017e \u017e\u00e1d\u00e1te soukrom\u00ed","description":"P\u0159edstava v\u00ed\u0159ivky tak, jak ji zn\u00e1me z ve\u0159ejn\u00fdch baz\u00e9n\u016f a l\u00e1zn\u00ed, je pro mnoh\u00e9 z n\u00e1s nep\u0159ijateln\u00e1. Sice by se&hellip;","datePublished":"2023-06-30","dateModified":"2024-07-03","author":{"@type":"Person","@id":"https:\/\/www.ogivi.cz\/author\/#Person","name":"","url":"https:\/\/www.ogivi.cz\/author\/","identifier":1,"image":{"@type":"ImageObject","@id":"https:\/\/secure.gravatar.com\/avatar\/212a6ea425a80cff3df937dbbc230f07127cee4fead311d1e3d946308365d666?s=96&d=mm&r=g","url":"https:\/\/secure.gravatar.com\/avatar\/212a6ea425a80cff3df937dbbc230f07127cee4fead311d1e3d946308365d666?s=96&d=mm&r=g","height":96,"width":96}},"publisher":{"@type":"Organization","name":"ogivi.cz","logo":{"@type":"ImageObject","@id":"\/logo.png","url":"\/logo.png","width":600,"height":60}},"url":"https:\/\/www.ogivi.cz\/kdyz-zadate-soukromi\/","wordCount":284,"articleBody":"P\u0159edstava v\u00ed\u0159ivky tak, jak ji zn\u00e1me z ve\u0159ejn\u00fdch baz\u00e9n\u016f a l\u00e1zn\u00ed, je pro mnoh\u00e9 z n\u00e1s nep\u0159ijateln\u00e1. Sice by se n\u00e1m l\u00edbilo u\u017e\u00edt si nekone\u010dn\u00fd mas\u00edruj\u00edc\u00ed proud, kter\u00fd m\u00e1 celou \u0159adu pozitivn\u00edch vlastnost\u00ed na na\u0161e zdrav\u00ed, nicm\u00e9n\u011b na\u0161e pot\u0159eba soukrom\u00ed je siln\u011bj\u0161\u00ed, p\u0159edstava, jak sd\u00edl\u00edte toto posezen\u00ed s ciz\u00edmi lidmi, je odstra\u0161uj\u00edc\u00ed. V takov\u00e9m p\u0159\u00edpad\u011b byste si skute\u010dn\u011b onu mas\u00e1\u017e ani neu\u017eili a odplaven\u00ed stresu by se asi nekonalo. V\u00edte, \u017ee ale i Vy si m\u016f\u017eete perli\u010dkovou l\u00e1ze\u0148 dop\u0159\u00e1t? M\u016f\u017eete ji m\u00edt jen pro sebe?\tM\u00e1te ho m\u00edt\u0158e\u0161en\u00ed, kter\u00e9 je perfektn\u00ed pro v\u0161echny, kdo necht\u011bj\u00ed sd\u00edlet s ostatn\u00edmi bublinkovou mas\u00e1\u017e, se jmenuje nafukovac\u00ed v\u00ed\u0159ivka. D\u00edky n\u00ed si m\u016f\u017eete dop\u0159\u00e1t p\u0159\u00edjemn\u00fd relax, kdykoliv budete cht\u00edt. Samoz\u0159ejm\u011b je ur\u010dena tak\u00e9 k venkovn\u00edmu pou\u017eit\u00ed, bez obav ji m\u016f\u017eete nechat cel\u00e9 l\u00e9to na Va\u0161\u00ed zahrad\u011b. Abyste u\u010dinili maximum pro jej\u00ed ochranu p\u0159ed pov\u011btrnostn\u00edmi vlivy, objednejte si u n\u00e1s i ochrann\u00fd kryt B -130. S n\u00edm bude v bezpe\u010d\u00ed samotn\u00e1 vana i extern\u00ed ovl\u00e1dac\u00ed panel MSpa. Pak se o svou vanu ji\u017e nemus\u00edte b\u00e1t a budete m\u00edt jistotu, \u017ee ji najdete nepo\u0161kozenou. A a\u017e skon\u010d\u00ed l\u00e9to? Jsou dv\u011b zcela jednoduch\u00e9 mo\u017enosti. M\u016f\u017eete ji prost\u011b p\u0159en\u00e9st dovnit\u0159, m\u00e1te-li dostatek m\u00edsta. Pokud ne, snadno ji slo\u017e\u00edte a uskladn\u00edte na p\u0159\u00ed\u0161t\u00ed sez\u00f3nu.                                                                                                                                                                                                                                                                                                                                                                                                "},{"@context":"https:\/\/schema.org\/","@type":"BreadcrumbList","itemListElement":[{"@type":"ListItem","position":1,"name":"Kdy\u017e \u017e\u00e1d\u00e1te soukrom\u00ed","item":"https:\/\/www.ogivi.cz\/kdyz-zadate-soukromi\/#breadcrumbitem"}]}]