[{"@context":"https:\/\/schema.org\/","@type":"Article","@id":"https:\/\/www.ogivi.cz\/mame-se-radi\/#Article","mainEntityOfPage":"https:\/\/www.ogivi.cz\/mame-se-radi\/","headline":"M\u00e1me se r\u00e1di","name":"M\u00e1me se r\u00e1di","description":"Lid\u00e9 jsou r\u016fzn\u00ed. Obzvl\u00e1\u0161\u0165 odkud jde o opa\u010dn\u00e1 pohlav\u00ed, dodnes si nevid\u00ed do hlav. Je ale pravdou, \u017ee ten, kdo&hellip;","datePublished":"2016-10-08","dateModified":"2016-10-08","author":{"@type":"Person","@id":"https:\/\/www.ogivi.cz\/author\/#Person","name":"","url":"https:\/\/www.ogivi.cz\/author\/","identifier":1,"image":{"@type":"ImageObject","@id":"https:\/\/secure.gravatar.com\/avatar\/212a6ea425a80cff3df937dbbc230f07127cee4fead311d1e3d946308365d666?s=96&d=mm&r=g","url":"https:\/\/secure.gravatar.com\/avatar\/212a6ea425a80cff3df937dbbc230f07127cee4fead311d1e3d946308365d666?s=96&d=mm&r=g","height":96,"width":96}},"publisher":{"@type":"Organization","name":"ogivi.cz","logo":{"@type":"ImageObject","@id":"\/logo.png","url":"\/logo.png","width":600,"height":60}},"image":{"@type":"ImageObject","@id":"https:\/\/www.ogivi.cz\/wp-content\/uploads\/img_a277819_w1767_t1601812307.png","url":"https:\/\/www.ogivi.cz\/wp-content\/uploads\/img_a277819_w1767_t1601812307.png","height":0,"width":0},"url":"https:\/\/www.ogivi.cz\/mame-se-radi\/","wordCount":386,"articleBody":"\tLid\u00e9 jsou r\u016fzn\u00ed. Obzvl\u00e1\u0161\u0165 odkud jde o opa\u010dn\u00e1 pohlav\u00ed, dodnes si nevid\u00ed do hlav. Je ale pravdou, \u017ee ten, kdo v\u011bd\u011bt chce, ten v\u00ed. Existuj\u00ed i vn\u00edmav\u00ed mu\u017ei, kte\u0159\u00ed se velmi sna\u017e\u00ed \u017eeny pochopit. Plat\u00ed to samoz\u0159ejm\u011b i opa\u010dn\u011b. I kdy\u017e, co je b\u00fdt dokonale \u0161\u0165asten? Kdy\u017e jsou ale partne\u0159i liknav\u00ed, necht\u011bj\u00ed vyvinout dostatek \u010dasu a \u00fasil\u00ed k pozn\u00e1n\u00ed toho druh\u00e9ho, nejsou pak nikdy dokonale \u0161\u0165astn\u00ed.\t\tNev\u011bra je na sv\u011bt\u011bNeklidn\u00e9 a h\u00e1dav\u00e9 vztahy kon\u010d\u00ed v\u011bt\u0161inou nev\u011brou. Nev\u011bra ale m\u016f\u017ee docela dob\u0159e \u201enav\u0161t\u00edvit\u201c i vztahy, kde byste na prvn\u00ed pohled nepozorovali \u017e\u00e1dn\u00e9 probl\u00e9my. V\u011bt\u0161inou jde ale o jak\u00fdsi druh rozpt\u00fdlen\u00ed. N\u011bkte\u0159\u00ed maj\u00ed toti\u017e pocit, \u017ee to doma u\u017e nen\u00ed to prav\u00e9 vzru\u0161en\u00ed. A v\u00edte, ve kter\u00fdch sektorech je nev\u011bry nejv\u00edce?v\u00a0 V\u00a0nejv\u00edce p\u0159\u00edpadech jsou lid\u00e9 nev\u011brn\u00ed v\u00a0bank\u00e1ch a finan\u010dn\u00edch sektorech.v\u00a0 Na m\u00edst\u011b druh\u00e9m jsou to letu\u0161ky a piloti.v\u00a0 St\u00edhaj\u00ed je velmi \u00fasp\u011b\u0161n\u011b, lid\u00e9 pracuj\u00edc\u00ed v\u00a0zdravotnictv\u00ed, tedy l\u00e9ka\u0159i a zdravotn\u00ed sest\u0159i\u010dky.v\u00a0 Pokra\u010duj\u00ed dal\u0161\u00ed sektory, nevyj\u00edmaje um\u011blc\u016f, novin\u00e1\u0159\u016f a dal\u0161\u00edch.Jakoby, si ta dv\u011b pohlav\u00ed necht\u011bl p\u0159ipustit, \u017ee je ka\u017ed\u00e9 \u00fapln\u011b jin\u00e9, a to od sam\u00e9ho za\u010d\u00e1tku sv\u00e9ho zrodu. Jen si to mnoz\u00ed n\u011bjak necht\u011bj\u00ed p\u0159ipustit. St\u00e1le vz\u00e1jemn\u011b vy\u017eadujeme respekt, pochopen\u00ed a p\u0159izp\u016fsoben\u00ed. Dokonce m\u00e1m posledn\u00ed dobou pocit, a\u010d jsem \u017eena, \u017ee jsou to pr\u00e1v\u011b ony, kdo che po mu\u017e\u00edch nesmyslnosti. V\u00e1\u017en\u011b se nediv\u00edm, \u017ee mu\u017ei rad\u011bji rezignuj\u00ed, ne\u017e aby se sna\u017eili plnit nesmysln\u00e1 p\u0159\u00e1n\u00ed sv\u00fdch partnerek.Abychom ale mu\u017ee jen nechv\u00e1lili, maj\u00ed tak\u00e9 sv\u016fj d\u00edl na mnoha vztaz\u00edch. Vztahy nejsou o spravedlnosti, tu v\u00a0nich v\u00e1\u017en\u011b nehledejme. Jsou sp\u00ed\u0161e o toleranci a p\u0159irozenosti. Lid\u00e9 nejsou jen hodn\u00ed nebo jen zl\u00ed. Ka\u017ed\u00fd z\u00a0n\u00e1s si ale mus\u00ed naj\u00edt sob\u011b rovn\u00e9ho, takov\u00e9ho, s\u00a0kter\u00fdm mu bude dob\u0159e bez p\u0159etv\u00e1\u0159ek, a\u0165 u\u017e je to to \u017eena nebo mu\u017e.                                                                                                                                                                                                                                                                                                                                                                                                "},{"@context":"https:\/\/schema.org\/","@type":"BreadcrumbList","itemListElement":[{"@type":"ListItem","position":1,"name":"M\u00e1me se r\u00e1di","item":"https:\/\/www.ogivi.cz\/mame-se-radi\/#breadcrumbitem"}]}]