[{"@context":"https:\/\/schema.org\/","@type":"Article","@id":"https:\/\/www.ogivi.cz\/narocna-pece-o-deti\/#Article","mainEntityOfPage":"https:\/\/www.ogivi.cz\/narocna-pece-o-deti\/","headline":"N\u00e1ro\u010dn\u00e1 p\u00e9\u010de o d\u011bti","name":"N\u00e1ro\u010dn\u00e1 p\u00e9\u010de o d\u011bti","description":"Ka\u017ed\u00fd, kdo m\u00e1 d\u011bti, v\u00ed, jak velmi je n\u00e1ro\u010dn\u00e1 p\u00e9\u010de o d\u011bti. D\u011bti n\u00e1m p\u0159in\u00e1\u0161ej\u00ed mnoho radost\u00ed, ale na stran\u011b&hellip;","datePublished":"2025-05-15","dateModified":"2025-05-15","author":{"@type":"Person","@id":"https:\/\/www.ogivi.cz\/author\/#Person","name":"","url":"https:\/\/www.ogivi.cz\/author\/","identifier":1,"image":{"@type":"ImageObject","@id":"https:\/\/secure.gravatar.com\/avatar\/212a6ea425a80cff3df937dbbc230f07127cee4fead311d1e3d946308365d666?s=96&d=mm&r=g","url":"https:\/\/secure.gravatar.com\/avatar\/212a6ea425a80cff3df937dbbc230f07127cee4fead311d1e3d946308365d666?s=96&d=mm&r=g","height":96,"width":96}},"publisher":{"@type":"Organization","name":"ogivi.cz","logo":{"@type":"ImageObject","@id":"\/logo.png","url":"\/logo.png","width":600,"height":60}},"image":{"@type":"ImageObject","@id":"https:\/\/www.ogivi.cz\/wp-content\/uploads\/img_a299045_w1927_t1509123237.jpg","url":"https:\/\/www.ogivi.cz\/wp-content\/uploads\/img_a299045_w1927_t1509123237.jpg","height":0,"width":0},"url":"https:\/\/www.ogivi.cz\/narocna-pece-o-deti\/","wordCount":409,"articleBody":" Ka\u017ed\u00fd, kdo m\u00e1 d\u011bti, v\u00ed, jak velmi je n\u00e1ro\u010dn\u00e1 p\u00e9\u010de o d\u011bti. D\u011bti n\u00e1m p\u0159in\u00e1\u0161ej\u00ed mnoho radost\u00ed, ale na stran\u011b druh\u00e9, tak\u00e9 celou \u0159adu starost\u00ed, kter\u00e9 n\u00e1s dok\u00e1\u017e\u00ed opravdu vydatn\u011b vyv\u00e9st z rovnov\u00e1hy. Zvl\u00e1\u0161t\u011b pak, kdy\u017e d\u011bti za\u010dnou m\u00edt k\u00e1ze\u0148sk\u00e9 probl\u00e9my. Jak tyto probl\u00e9my \u0159e\u0161it to je ot\u00e1zka, kter\u00e1 vyvol\u00e1v\u00e1 diskuzi na t\u00e9ma, jak trestat. Jenom\u017ee je t\u0159eba si uv\u011bdomit, \u017ee tresty p\u016fsob\u00ed velmi demotivuj\u00edc\u00edm vlivem a maj\u00ed na d\u011btskou psychiku velmi negativn\u00ed vliv. Bez ohledu na to, zda se jedn\u00e1 o tresty m\u00edrn\u00e9 \u010di sp\u00ed\u0161e drsn\u011bj\u0161\u00ed. V\u00edce chv\u00e1lit a mluvit Pochvala je v\u00edc ne\u017e d\u016fle\u017eit\u00e1. Pedagogov\u00e9 se shoduj\u00ed v tom, \u017ee d\u011bti je p\u0159edev\u0161\u00edm t\u0159eba chv\u00e1lit. Je to pozitivn\u00ed motivace a z hlediska zdrav\u00e9ho v\u00fdvoje je ur\u010dit\u011b v\u00edce \u017e\u00e1douc\u00ed, kdy\u017e d\u00edt\u011b vykon\u00e1v\u00e1 ur\u010dit\u00e9 v\u00fdkony dobrovoln\u011b a ochotn\u011b ne\u017e ze strachu p\u0159ed trestem. To jen d\u00e1v\u00e1 vznik neurotick\u00fdm probl\u00e9m\u016fm v dosp\u011blosti. Jen pochvala nesta\u010d\u00ed. Ov\u0161em samoz\u0159ejm\u011b jen s pochvalami to nevytrhnete. Je velmi d\u016fle\u017eit\u00e9 se d\u011btem v\u011bnovat a komunikovat s nimi. Ur\u010dit\u011b se ka\u017ed\u00fd z n\u00e1s chyt\u00ed za nos. Kdy jste se sv\u00fdmi d\u011btmi mluvili jako rovn\u00fd s rovn\u00fdm? Samoz\u0159ejm\u011b plat\u00ed ur\u010dit\u00e1 rodi\u010dovsk\u00e1 hierarchie, kdy je jasn\u011b dan\u00fd vztah rodi\u010d \u2013 d\u00edt\u011b, ale to neznamen\u00e1, \u017ee byste v ur\u010dit\u00fdch situac\u00edch nemohli nastolit vztah sp\u00ed\u0161e kamar\u00e1dsk\u00fd. I v \u017eivot\u011b prob\u00edh\u00e1 lidsk\u00e1 komunikace v r\u016fzn\u00fdch rovin\u00e1ch a je to zcela p\u0159irozen\u00e9. Kdy\u017e chyb\u00ed komunikace. Velmi \u010dasto za\u010d\u00ednaj\u00ed k\u00e1ze\u0148sk\u00e9 probl\u00e9my tam, kde chyb\u00ed komunikace. A to i v p\u0159\u00edpad\u011b hyperaktivn\u00edch d\u011bt\u00ed, tam jsou po\u017eadavky na komunikaci je\u0161t\u011b nal\u00e9hav\u011bj\u0161\u00ed. Kvalitn\u00ed komunikace, lep\u0161\u00ed \u017eivot. Nau\u010dte se s d\u011btmi komunikovat a nau\u010dte sv\u00e9 d\u011bti sd\u00edlet s V\u00e1mi to, co je tr\u00e1p\u00ed i t\u011b\u0161\u00ed. Je to velmi d\u016fle\u017eit\u00e1 pr\u016fprava do \u017eivota. Pokud d\u00edt\u011b kvalitn\u011b komunikuje s rodi\u010di, bude \u00fasp\u011b\u0161n\u00e9 v tomto ohledu tak\u00e9 v \u017eivot\u011b. Zaj\u00edmav\u00fd \u010dl\u00e1nek na toto t\u00e9ma najdete nap\u0159\u00edklad tak\u00e9 zde:                                                                                                                                                                                                                                                                                                                                                                                                 "},{"@context":"https:\/\/schema.org\/","@type":"BreadcrumbList","itemListElement":[{"@type":"ListItem","position":1,"name":"N\u00e1ro\u010dn\u00e1 p\u00e9\u010de o d\u011bti","item":"https:\/\/www.ogivi.cz\/narocna-pece-o-deti\/#breadcrumbitem"}]}]