[{"@context":"https:\/\/schema.org\/","@type":"Article","@id":"https:\/\/www.ogivi.cz\/nemecka-automobilka-znama-po-celem-svete\/#Article","mainEntityOfPage":"https:\/\/www.ogivi.cz\/nemecka-automobilka-znama-po-celem-svete\/","headline":"N\u011bmeck\u00e1 automobilka zn\u00e1m\u00e1 po cel\u00e9m sv\u011bt\u011b!","name":"N\u011bmeck\u00e1 automobilka zn\u00e1m\u00e1 po cel\u00e9m sv\u011bt\u011b!","description":"Rozhl\u00ed\u017e\u00edte se po nov\u00e9m vozidle? Ji\u017e nechcete sednout do t\u00e9 star\u00e9, skoro nepoj\u00edzdn\u00e9 rachotiny v\u00edckr\u00e1t, ne\u017eli jednou, a sice p\u0159i&hellip;","datePublished":"2024-12-24","dateModified":"2024-12-24","author":{"@type":"Person","@id":"https:\/\/www.ogivi.cz\/author\/#Person","name":"","url":"https:\/\/www.ogivi.cz\/author\/","identifier":1,"image":{"@type":"ImageObject","@id":"https:\/\/secure.gravatar.com\/avatar\/212a6ea425a80cff3df937dbbc230f07127cee4fead311d1e3d946308365d666?s=96&d=mm&r=g","url":"https:\/\/secure.gravatar.com\/avatar\/212a6ea425a80cff3df937dbbc230f07127cee4fead311d1e3d946308365d666?s=96&d=mm&r=g","height":96,"width":96}},"publisher":{"@type":"Organization","name":"ogivi.cz","logo":{"@type":"ImageObject","@id":"\/logo.png","url":"\/logo.png","width":600,"height":60}},"url":"https:\/\/www.ogivi.cz\/nemecka-automobilka-znama-po-celem-svete\/","wordCount":218,"articleBody":"Rozhl\u00ed\u017e\u00edte se po nov\u00e9m vozidle? Ji\u017e nechcete sednout do t\u00e9 star\u00e9, skoro nepoj\u00edzdn\u00e9 rachotiny v\u00edckr\u00e1t, ne\u017eli jednou, a sice p\u0159i cest\u011b pro nov\u00e9 vozidlo? Pak pr\u00e1v\u011b pro v\u00e1s je na\u0161e nab\u00eddka p\u0159\u00edmo vynikaj\u00edc\u00ed! Nebo\u0165 my v\u00e1m nab\u00edz\u00edme opravdovou kvalitu, kterou ocenilo ji\u017e statis\u00edce z\u00e1kazn\u00edk\u016f \u2013 \u0159idi\u010d\u016f! Bav\u00edme se tu o Volkswagenu, o n\u011bmeck\u00e9 zna\u010dce, kter\u00e1 je svou kvalitou a spolehlivost\u00ed zn\u00e1m\u00e1 po cel\u00e9m sv\u011bt\u011b! Pro\u010d? To se do\u010dtete n\u00ed\u017ee. Jsou v tom l\u00e9ta praxe! Pokud v\u00e1s na\u0161e nab\u00eddka zaujala a chcete se dozv\u011bd\u011bt, v \u010dem je schovan\u00e9 ono kouzlo kvalitn\u00ed v\u00fdroby n\u011bmeck\u00fdch automobilek, pak v\u00e1m zde r\u00e1di vysv\u011btl\u00edme o jak\u00e9 \u201ekouzlo\u201c se vlastn\u011b jedn\u00e1. Nen\u00ed na tom nic slo\u017eit\u00e9ho. Historie v\u011bt\u0161iny n\u011bmeck\u00fdch zna\u010dek sah\u00e1 opravdu hluboko do dvac\u00e1t\u00e9ho stolet\u00ed. Ji\u017e za druh\u00e9 sv\u011btov\u00e9 v\u00e1lky se pou\u017e\u00edvali vozidla t\u0159eba zna\u010dky Opel. Jsou v tom l\u00e9ta praxe a cenn\u00e9 zku\u0161enosti, kter\u00e9 automobilky z\u00edsk\u00e1vaj\u00ed s ka\u017ed\u00fdm nov\u00fdm vozidlem! Pr\u00e1v\u011b proto je pro v\u00e1s ide\u00e1ln\u00ed na\u0161e nab\u00eddka!                                                                                                                                                                                                                                                                                                                                                                                                "},{"@context":"https:\/\/schema.org\/","@type":"BreadcrumbList","itemListElement":[{"@type":"ListItem","position":1,"name":"N\u011bmeck\u00e1 automobilka zn\u00e1m\u00e1 po cel\u00e9m sv\u011bt\u011b!","item":"https:\/\/www.ogivi.cz\/nemecka-automobilka-znama-po-celem-svete\/#breadcrumbitem"}]}]