[{"@context":"https:\/\/schema.org\/","@type":"Article","@id":"https:\/\/www.ogivi.cz\/ofina-je-opet-trendy-a-zadana\/#Article","mainEntityOfPage":"https:\/\/www.ogivi.cz\/ofina-je-opet-trendy-a-zadana\/","headline":"Ofina je op\u011bt trendy a \u017e\u00e1dan\u00e1","name":"Ofina je op\u011bt trendy a \u017e\u00e1dan\u00e1","description":"Z hlediska kr\u00e1sn\u00e9ho vzhledu, kter\u00fd by byl naprosto bezchybn\u00ed je t\u011b\u017ek\u00e9 ur\u010dit to, co je jeho ide\u00e1l. Na\u0161t\u011bst\u00ed n\u00e1m k&hellip;","datePublished":"2025-02-23","dateModified":"2023-05-03","author":{"@type":"Person","@id":"https:\/\/www.ogivi.cz\/author\/#Person","name":"","url":"https:\/\/www.ogivi.cz\/author\/","identifier":1,"image":{"@type":"ImageObject","@id":"https:\/\/secure.gravatar.com\/avatar\/212a6ea425a80cff3df937dbbc230f07127cee4fead311d1e3d946308365d666?s=96&d=mm&r=g","url":"https:\/\/secure.gravatar.com\/avatar\/212a6ea425a80cff3df937dbbc230f07127cee4fead311d1e3d946308365d666?s=96&d=mm&r=g","height":96,"width":96}},"publisher":{"@type":"Organization","name":"ogivi.cz","logo":{"@type":"ImageObject","@id":"\/logo.png","url":"\/logo.png","width":600,"height":60}},"image":{"@type":"ImageObject","@id":"https:\/\/www.ogivi.cz\/wp-content\/uploads\/img_a340757_w2719_t1553669102.jpg","url":"https:\/\/www.ogivi.cz\/wp-content\/uploads\/img_a340757_w2719_t1553669102.jpg","height":0,"width":0},"url":"https:\/\/www.ogivi.cz\/ofina-je-opet-trendy-a-zadana\/","wordCount":420,"articleBody":"Z hlediska kr\u00e1sn\u00e9ho vzhledu, kter\u00fd by byl naprosto bezchybn\u00ed je t\u011b\u017ek\u00e9 ur\u010dit to, co je jeho ide\u00e1l. Na\u0161t\u011bst\u00ed n\u00e1m k jeho p\u0159ibl\u00ed\u017een\u00ed pom\u00e1haj\u00ed nyn\u011bj\u0161\u00ed trendy, kter\u00fdmi rozhodne ne\u0161l\u00e1pneme vedle, ale naopak se postar\u00e1me o to, abychom byly je\u0161t\u011b v\u00edce n\u00e1dhern\u00e9 a upraven\u00e9, ne\u017e jsme.\tOfinu m\u016f\u017ee m\u00edt ka\u017ed\u00e1 z v\u00e1sJestli si mysl\u00edte, \u017ee konkr\u00e9tn\u011b v\u00e1m by ofina neslu\u0161ela a vypadaly byste s n\u00ed \u0161eredn\u011b, pravd\u011bpodobn\u011b jste ji je\u0161t\u011b nem\u011bly nebo nebyla ud\u011blan\u00e1 perfektn\u011b. V sou\u010dasnosti se hodn\u011b nos\u00ed a je v oblib\u011b i u \u017een, kter\u00e9 nerady experimentuj\u00ed s \u00fa\u010desy nebo jich p\u0159\u00edli\u0161 nem\u011bn\u00ed.\u2714\u00a0\u00a0\u00a0 Pokud m\u00e1te kr\u00e1tk\u00fd st\u0159ih vlas\u016f, nev\u00e1hejte si jich zpest\u0159it t\u00edm, \u017ee jim dop\u0159ejete p\u0159eliv v podob\u011b slu\u0161iv\u00e9 ofiny. V\u00e1\u0161 vzhled se d\u00edky n\u00ed rozz\u00e1\u0159\u00ed a budete p\u016fsobit jako \u017eena, kter\u00e1 m\u00e1 \u0161mrnc.\u2714\u00a0\u00a0\u00a0 V p\u0159\u00edpad\u011b dlouh\u00fdch vlas\u016f \u2013 je to trefa do \u010dern\u00e9ho. Aby vypadaly \u00fahledn\u011b a skvostn\u011b, je pot\u0159eba jim dodat n\u011bjak\u00fd styl. D\u00edky sest\u0159ihu, kter\u00fd v\u00e1m zakryje \u010d\u00e1st \u010dela, budete vypadat mladistv\u011b a bude z v\u00e1s vyza\u0159ovat p\u0159irozen\u00fd sex-appeal.\tJak\u00e1 se te\u010f nejv\u00edce nos\u00ed?Vybrat si dokonal\u00fd st\u0159ih m\u016f\u017eete nejen dle nejnov\u011bj\u0161\u00edch trend\u016f, ale je pot\u0159eba zohlednit i to, jak\u00fd m\u00e1te typ vlas\u016f a bezesporu i to, co bude slu\u0161et va\u0161emu \u010delu.V oblib\u011b je rovn\u00e1 ofina, kter\u00e1 v\u00e1m \u010delo schov\u00e1 \u00fapln\u011b a nutno \u0159\u00edct, \u017ee tento st\u0159ih slu\u0161\u00ed v\u0161em \u017een\u00e1m. Jestli tou\u017e\u00edte po nepatrn\u00e9 variant\u011b, zvolte si takovou, kter\u00e1 va\u0161im vlas\u016fm dod\u00e1 hust\u011bj\u0161\u00ed tvar a jemn\u00fd p\u0159eliv pouze na jedn\u00e9 stran\u011b.\tSv\u011b\u0159te se do p\u00e9\u010de kade\u0159n\u00edk\u016fCo je v\u0161ak ze v\u0161eho nejd\u016fle\u017eit\u011bj\u0161\u00ed je to, abyste se do jej\u00ed tvorby nepou\u0161t\u011bly samy. Pokud chcete vypadat dokonale a v\u017edy upraven\u011b, je pot\u0159eba se sv\u011b\u0159it do rukou profesion\u00e1ln\u00edch kade\u0159n\u00edk\u016f a pravideln\u011b doch\u00e1zet na jej\u00ed zkr\u00e1cen\u00ed a \u00fapravu. D\u00edky jejich p\u00e9\u010di si toti\u017e budete jist\u00e9 t\u00edm, \u017ee s n\u00ed nikdy nebudete m\u00edt probl\u00e9my a starost, proto\u017ee v\u00e1m porad\u00ed i to, jak ji udr\u017eovat v bezchybn\u00e9m stavu, aby s ostatn\u00edmi vlasy tvo\u0159ila jeden celek.\u00a0                                                                                                                                                                                                                                                                                                                                                                                                "},{"@context":"https:\/\/schema.org\/","@type":"BreadcrumbList","itemListElement":[{"@type":"ListItem","position":1,"name":"Ofina je op\u011bt trendy a \u017e\u00e1dan\u00e1","item":"https:\/\/www.ogivi.cz\/ofina-je-opet-trendy-a-zadana\/#breadcrumbitem"}]}]