[{"@context":"https:\/\/schema.org\/","@type":"Blog","@id":"https:\/\/www.ogivi.cz#Blog","headline":"Ogivi","description":"\nWeby, kter\u00e9 my lid\u00e9 na internetu nal\u00e9z\u00e1me, by tam m\u011bly b\u00fdt hlavn\u011b od toho, aby slou\u017eily ve\u0159ejnosti. A aby slou\u017eily stejn\u011b jak pr\u00e1v\u011b tento n\u00e1\u0161 web.","url":"https:\/\/www.ogivi.cz","hasPart":[{"@type":"Article","@id":"https:\/\/www.ogivi.cz\/pujcka-byva-uzitecna\/","headline":"P\u016fj\u010dka b\u00fdv\u00e1 u\u017eite\u010dn\u00e1","url":"https:\/\/www.ogivi.cz\/pujcka-byva-uzitecna\/","datePublished":"2022-11-20","dateModified":"2023-05-03","mainEntityOfPage":"https:\/\/www.ogivi.cz\/pujcka-byva-uzitecna\/","author":{"@type":"Person","@id":"https:\/\/www.ogivi.cz\/author\/#Person","name":"","url":"https:\/\/www.ogivi.cz\/author\/","identifier":1,"image":{"@type":"ImageObject","@id":"https:\/\/secure.gravatar.com\/avatar\/212a6ea425a80cff3df937dbbc230f07127cee4fead311d1e3d946308365d666?s=96&d=mm&r=g","url":"https:\/\/secure.gravatar.com\/avatar\/212a6ea425a80cff3df937dbbc230f07127cee4fead311d1e3d946308365d666?s=96&d=mm&r=g","height":96,"width":96}},"publisher":{"@type":"Organization","name":"ogivi.cz","logo":{"@type":"ImageObject","@id":"\/logo.png","url":"\/logo.png","width":600,"height":60}},"image":{"@type":"ImageObject","@id":"https:\/\/www.ogivi.cz\/wp-content\/uploads\/us%20mince.jpg","url":"https:\/\/www.ogivi.cz\/wp-content\/uploads\/us%20mince.jpg","height":0,"width":0},"wordCount":588,"keywords":null},{"@type":"Article","@id":"https:\/\/www.ogivi.cz\/k-rekonstrukci-rekreacni-chaty-patri-i-renovace-kamenneho-schodiste\/","headline":"K rekonstrukci rekrea\u010dn\u00ed chaty pat\u0159\u00ed i renovace kamenn\u00e9ho schodi\u0161t\u011b","url":"https:\/\/www.ogivi.cz\/k-rekonstrukci-rekreacni-chaty-patri-i-renovace-kamenneho-schodiste\/","datePublished":"2022-11-14","dateModified":"2023-05-03","mainEntityOfPage":"https:\/\/www.ogivi.cz\/k-rekonstrukci-rekreacni-chaty-patri-i-renovace-kamenneho-schodiste\/","author":{"@type":"Person","@id":"https:\/\/www.ogivi.cz\/author\/#Person","name":"","url":"https:\/\/www.ogivi.cz\/author\/","identifier":1,"image":{"@type":"ImageObject","@id":"https:\/\/secure.gravatar.com\/avatar\/212a6ea425a80cff3df937dbbc230f07127cee4fead311d1e3d946308365d666?s=96&d=mm&r=g","url":"https:\/\/secure.gravatar.com\/avatar\/212a6ea425a80cff3df937dbbc230f07127cee4fead311d1e3d946308365d666?s=96&d=mm&r=g","height":96,"width":96}},"publisher":{"@type":"Organization","name":"ogivi.cz","logo":{"@type":"ImageObject","@id":"\/logo.png","url":"\/logo.png","width":600,"height":60}},"image":{"@type":"ImageObject","@id":"https:\/\/www.ogivi.cz\/wp-content\/uploads\/stairs-g47515ae8f_640.jpg","url":"https:\/\/www.ogivi.cz\/wp-content\/uploads\/stairs-g47515ae8f_640.jpg","height":0,"width":0},"wordCount":547,"keywords":null},{"@type":"Article","@id":"https:\/\/www.ogivi.cz\/pujcovna-osobnich-vozu-a-dodavek\/","headline":"P\u016fj\u010dovna osobn\u00edch voz\u016f a dod\u00e1vek","url":"https:\/\/www.ogivi.cz\/pujcovna-osobnich-vozu-a-dodavek\/","datePublished":"2022-11-14","dateModified":"2023-05-03","mainEntityOfPage":"https:\/\/www.ogivi.cz\/pujcovna-osobnich-vozu-a-dodavek\/","author":{"@type":"Person","@id":"https:\/\/www.ogivi.cz\/author\/#Person","name":"","url":"https:\/\/www.ogivi.cz\/author\/","identifier":1,"image":{"@type":"ImageObject","@id":"https:\/\/secure.gravatar.com\/avatar\/212a6ea425a80cff3df937dbbc230f07127cee4fead311d1e3d946308365d666?s=96&d=mm&r=g","url":"https:\/\/secure.gravatar.com\/avatar\/212a6ea425a80cff3df937dbbc230f07127cee4fead311d1e3d946308365d666?s=96&d=mm&r=g","height":96,"width":96}},"publisher":{"@type":"Organization","name":"ogivi.cz","logo":{"@type":"ImageObject","@id":"\/logo.png","url":"\/logo.png","width":600,"height":60}},"image":{"@type":"ImageObject","@id":"https:\/\/www.ogivi.cz\/wp-content\/uploads\/bmw-g238bdebc0_1920.jpg","url":"https:\/\/www.ogivi.cz\/wp-content\/uploads\/bmw-g238bdebc0_1920.jpg","height":0,"width":0},"wordCount":579,"keywords":null},{"@type":"Article","@id":"https:\/\/www.ogivi.cz\/navstevy-zubare\/","headline":"N\u00e1v\u0161t\u011bvy zuba\u0159e","url":"https:\/\/www.ogivi.cz\/navstevy-zubare\/","datePublished":"2022-11-13","dateModified":"2023-12-20","mainEntityOfPage":"https:\/\/www.ogivi.cz\/navstevy-zubare\/","author":{"@type":"Person","@id":"https:\/\/www.ogivi.cz\/author\/#Person","name":"","url":"https:\/\/www.ogivi.cz\/author\/","identifier":1,"image":{"@type":"ImageObject","@id":"https:\/\/secure.gravatar.com\/avatar\/212a6ea425a80cff3df937dbbc230f07127cee4fead311d1e3d946308365d666?s=96&d=mm&r=g","url":"https:\/\/secure.gravatar.com\/avatar\/212a6ea425a80cff3df937dbbc230f07127cee4fead311d1e3d946308365d666?s=96&d=mm&r=g","height":96,"width":96}},"publisher":{"@type":"Organization","name":"ogivi.cz","logo":{"@type":"ImageObject","@id":"\/logo.png","url":"\/logo.png","width":600,"height":60}},"image":{"@type":"ImageObject","@id":"https:\/\/www.ogivi.cz\/wp-content\/uploads\/tiger-2430625_960_720.jpg","url":"https:\/\/www.ogivi.cz\/wp-content\/uploads\/tiger-2430625_960_720.jpg","height":0,"width":0},"wordCount":560,"keywords":null},{"@type":"Article","@id":"https:\/\/www.ogivi.cz\/s-dodavkou-do-vysokych-tater\/","headline":"S dod\u00e1vkou do Vysok\u00fdch Tater","url":"https:\/\/www.ogivi.cz\/s-dodavkou-do-vysokych-tater\/","datePublished":"2022-11-13","dateModified":"2023-05-03","mainEntityOfPage":"https:\/\/www.ogivi.cz\/s-dodavkou-do-vysokych-tater\/","author":{"@type":"Person","@id":"https:\/\/www.ogivi.cz\/author\/#Person","name":"","url":"https:\/\/www.ogivi.cz\/author\/","identifier":1,"image":{"@type":"ImageObject","@id":"https:\/\/secure.gravatar.com\/avatar\/212a6ea425a80cff3df937dbbc230f07127cee4fead311d1e3d946308365d666?s=96&d=mm&r=g","url":"https:\/\/secure.gravatar.com\/avatar\/212a6ea425a80cff3df937dbbc230f07127cee4fead311d1e3d946308365d666?s=96&d=mm&r=g","height":96,"width":96}},"publisher":{"@type":"Organization","name":"ogivi.cz","logo":{"@type":"ImageObject","@id":"\/logo.png","url":"\/logo.png","width":600,"height":60}},"image":{"@type":"ImageObject","@id":"https:\/\/www.ogivi.cz\/wp-content\/uploads\/polish-tatra-mountains-gb1ac6c97e_640.jpg","url":"https:\/\/www.ogivi.cz\/wp-content\/uploads\/polish-tatra-mountains-gb1ac6c97e_640.jpg","height":0,"width":0},"wordCount":533,"keywords":null},{"@type":"Article","@id":"https:\/\/www.ogivi.cz\/vse-muze-byt-dokonalejsi\/","headline":"V\u0161e m\u016f\u017ee b\u00fdt dokonalej\u0161\u00ed","url":"https:\/\/www.ogivi.cz\/vse-muze-byt-dokonalejsi\/","datePublished":"2022-11-12","dateModified":"2023-05-03","mainEntityOfPage":"https:\/\/www.ogivi.cz\/vse-muze-byt-dokonalejsi\/","author":{"@type":"Person","@id":"https:\/\/www.ogivi.cz\/author\/#Person","name":"","url":"https:\/\/www.ogivi.cz\/author\/","identifier":1,"image":{"@type":"ImageObject","@id":"https:\/\/secure.gravatar.com\/avatar\/212a6ea425a80cff3df937dbbc230f07127cee4fead311d1e3d946308365d666?s=96&d=mm&r=g","url":"https:\/\/secure.gravatar.com\/avatar\/212a6ea425a80cff3df937dbbc230f07127cee4fead311d1e3d946308365d666?s=96&d=mm&r=g","height":96,"width":96}},"publisher":{"@type":"Organization","name":"ogivi.cz","logo":{"@type":"ImageObject","@id":"\/logo.png","url":"\/logo.png","width":600,"height":60}},"image":{"@type":"ImageObject","@id":"https:\/\/www.ogivi.cz\/wp-content\/uploads\/otev%C5%99en%C3%A1%20pen%C4%9B%C5%BEenka_7.jpg","url":"https:\/\/www.ogivi.cz\/wp-content\/uploads\/otev%C5%99en%C3%A1%20pen%C4%9B%C5%BEenka_7.jpg","height":0,"width":0},"wordCount":607,"keywords":null},{"@type":"Article","@id":"https:\/\/www.ogivi.cz\/i-ty-poznej-ocistu-tela\/","headline":"I ty poznej o\u010distu t\u011bla","url":"https:\/\/www.ogivi.cz\/i-ty-poznej-ocistu-tela\/","datePublished":"2022-11-12","dateModified":"2023-05-03","mainEntityOfPage":"https:\/\/www.ogivi.cz\/i-ty-poznej-ocistu-tela\/","author":{"@type":"Person","@id":"https:\/\/www.ogivi.cz\/author\/#Person","name":"","url":"https:\/\/www.ogivi.cz\/author\/","identifier":1,"image":{"@type":"ImageObject","@id":"https:\/\/secure.gravatar.com\/avatar\/212a6ea425a80cff3df937dbbc230f07127cee4fead311d1e3d946308365d666?s=96&d=mm&r=g","url":"https:\/\/secure.gravatar.com\/avatar\/212a6ea425a80cff3df937dbbc230f07127cee4fead311d1e3d946308365d666?s=96&d=mm&r=g","height":96,"width":96}},"publisher":{"@type":"Organization","name":"ogivi.cz","logo":{"@type":"ImageObject","@id":"\/logo.png","url":"\/logo.png","width":600,"height":60}},"image":{"@type":"ImageObject","@id":"https:\/\/www.ogivi.cz\/wp-content\/uploads\/%C4%8Daj_3.jpg","url":"https:\/\/www.ogivi.cz\/wp-content\/uploads\/%C4%8Daj_3.jpg","height":0,"width":0},"wordCount":595,"keywords":null},{"@type":"Article","@id":"https:\/\/www.ogivi.cz\/dokonala-firma\/","headline":"Dokonal\u00e1 firma","url":"https:\/\/www.ogivi.cz\/dokonala-firma\/","datePublished":"2022-11-09","dateModified":"2023-05-03","mainEntityOfPage":"https:\/\/www.ogivi.cz\/dokonala-firma\/","author":{"@type":"Person","@id":"https:\/\/www.ogivi.cz\/author\/#Person","name":"","url":"https:\/\/www.ogivi.cz\/author\/","identifier":1,"image":{"@type":"ImageObject","@id":"https:\/\/secure.gravatar.com\/avatar\/212a6ea425a80cff3df937dbbc230f07127cee4fead311d1e3d946308365d666?s=96&d=mm&r=g","url":"https:\/\/secure.gravatar.com\/avatar\/212a6ea425a80cff3df937dbbc230f07127cee4fead311d1e3d946308365d666?s=96&d=mm&r=g","height":96,"width":96}},"publisher":{"@type":"Organization","name":"ogivi.cz","logo":{"@type":"ImageObject","@id":"\/logo.png","url":"\/logo.png","width":600,"height":60}},"image":{"@type":"ImageObject","@id":"https:\/\/www.ogivi.cz\/wp-content\/uploads\/company-gf59723e67_640.jpg","url":"https:\/\/www.ogivi.cz\/wp-content\/uploads\/company-gf59723e67_640.jpg","height":0,"width":0},"wordCount":499,"keywords":null},{"@type":"Article","@id":"https:\/\/www.ogivi.cz\/dovolena-v-dolni-morave-v-kterekoli-rocni-dobe\/","headline":"Dovolen\u00e1 v Doln\u00ed Morav\u011b v kter\u00e9koli ro\u010dn\u00ed dob\u011b","url":"https:\/\/www.ogivi.cz\/dovolena-v-dolni-morave-v-kterekoli-rocni-dobe\/","datePublished":"2022-11-06","dateModified":"2023-05-03","mainEntityOfPage":"https:\/\/www.ogivi.cz\/dovolena-v-dolni-morave-v-kterekoli-rocni-dobe\/","author":{"@type":"Person","@id":"https:\/\/www.ogivi.cz\/author\/#Person","name":"","url":"https:\/\/www.ogivi.cz\/author\/","identifier":1,"image":{"@type":"ImageObject","@id":"https:\/\/secure.gravatar.com\/avatar\/212a6ea425a80cff3df937dbbc230f07127cee4fead311d1e3d946308365d666?s=96&d=mm&r=g","url":"https:\/\/secure.gravatar.com\/avatar\/212a6ea425a80cff3df937dbbc230f07127cee4fead311d1e3d946308365d666?s=96&d=mm&r=g","height":96,"width":96}},"publisher":{"@type":"Organization","name":"ogivi.cz","logo":{"@type":"ImageObject","@id":"\/logo.png","url":"\/logo.png","width":600,"height":60}},"image":{"@type":"ImageObject","@id":"https:\/\/www.ogivi.cz\/wp-content\/uploads\/country-4406297_640_5.jpg","url":"https:\/\/www.ogivi.cz\/wp-content\/uploads\/country-4406297_640_5.jpg","height":0,"width":0},"wordCount":550,"keywords":null},{"@type":"Article","@id":"https:\/\/www.ogivi.cz\/cisty-bazen\/","headline":"\u010cist\u00fd baz\u00e9n","url":"https:\/\/www.ogivi.cz\/cisty-bazen\/","datePublished":"2022-10-29","dateModified":"2022-10-29","mainEntityOfPage":"https:\/\/www.ogivi.cz\/cisty-bazen\/","author":{"@type":"Person","@id":"https:\/\/www.ogivi.cz\/author\/#Person","name":"","url":"https:\/\/www.ogivi.cz\/author\/","identifier":1,"image":{"@type":"ImageObject","@id":"https:\/\/secure.gravatar.com\/avatar\/212a6ea425a80cff3df937dbbc230f07127cee4fead311d1e3d946308365d666?s=96&d=mm&r=g","url":"https:\/\/secure.gravatar.com\/avatar\/212a6ea425a80cff3df937dbbc230f07127cee4fead311d1e3d946308365d666?s=96&d=mm&r=g","height":96,"width":96}},"publisher":{"@type":"Organization","name":"ogivi.cz","logo":{"@type":"ImageObject","@id":"\/logo.png","url":"\/logo.png","width":600,"height":60}},"image":{"@type":"ImageObject","@id":"https:\/\/www.ogivi.cz\/wp-content\/uploads\/feet-1853291_960_720_2.jpg","url":"https:\/\/www.ogivi.cz\/wp-content\/uploads\/feet-1853291_960_720_2.jpg","height":0,"width":0},"wordCount":585,"keywords":null}]},{"@context":"https:\/\/schema.org","@type":"WebSite","@id":"https:\/\/www.ogivi.cz\/#website","name":"Ogivi","url":"https:\/\/www.ogivi.cz","potentialAction":{"@type":"SearchAction","target":"https:\/\/www.ogivi.cz\/?s={search_term_string}","query-input":"required name=search_term_string"}}]