[{"@context":"https:\/\/schema.org\/","@type":"Blog","@id":"https:\/\/www.ogivi.cz#Blog","headline":"Ogivi","description":"\nWeby, kter\u00e9 my lid\u00e9 na internetu nal\u00e9z\u00e1me, by tam m\u011bly b\u00fdt hlavn\u011b od toho, aby slou\u017eily ve\u0159ejnosti. A aby slou\u017eily stejn\u011b jak pr\u00e1v\u011b tento n\u00e1\u0161 web.","url":"https:\/\/www.ogivi.cz","hasPart":[{"@type":"Article","@id":"https:\/\/www.ogivi.cz\/hubnuti-snadno-a-rychle\/","headline":"Hubnut\u00ed snadno a rychle","url":"https:\/\/www.ogivi.cz\/hubnuti-snadno-a-rychle\/","datePublished":"2022-09-10","dateModified":"2023-05-03","mainEntityOfPage":"https:\/\/www.ogivi.cz\/hubnuti-snadno-a-rychle\/","author":{"@type":"Person","@id":"https:\/\/www.ogivi.cz\/author\/#Person","name":"","url":"https:\/\/www.ogivi.cz\/author\/","identifier":1,"image":{"@type":"ImageObject","@id":"https:\/\/secure.gravatar.com\/avatar\/212a6ea425a80cff3df937dbbc230f07127cee4fead311d1e3d946308365d666?s=96&d=mm&r=g","url":"https:\/\/secure.gravatar.com\/avatar\/212a6ea425a80cff3df937dbbc230f07127cee4fead311d1e3d946308365d666?s=96&d=mm&r=g","height":96,"width":96}},"publisher":{"@type":"Organization","name":"ogivi.cz","logo":{"@type":"ImageObject","@id":"\/logo.png","url":"\/logo.png","width":600,"height":60}},"image":{"@type":"ImageObject","@id":"https:\/\/www.ogivi.cz\/wp-content\/uploads\/textcoffee-1869599__480.jpg","url":"https:\/\/www.ogivi.cz\/wp-content\/uploads\/textcoffee-1869599__480.jpg","height":0,"width":0},"wordCount":576,"keywords":null},{"@type":"Article","@id":"https:\/\/www.ogivi.cz\/leginy-nemaji-zadne-omezeni\/","headline":"Leg\u00edny nemaj\u00ed \u017e\u00e1dn\u00e9 omezen\u00ed","url":"https:\/\/www.ogivi.cz\/leginy-nemaji-zadne-omezeni\/","datePublished":"2022-09-04","dateModified":"2023-05-03","mainEntityOfPage":"https:\/\/www.ogivi.cz\/leginy-nemaji-zadne-omezeni\/","author":{"@type":"Person","@id":"https:\/\/www.ogivi.cz\/author\/#Person","name":"","url":"https:\/\/www.ogivi.cz\/author\/","identifier":1,"image":{"@type":"ImageObject","@id":"https:\/\/secure.gravatar.com\/avatar\/212a6ea425a80cff3df937dbbc230f07127cee4fead311d1e3d946308365d666?s=96&d=mm&r=g","url":"https:\/\/secure.gravatar.com\/avatar\/212a6ea425a80cff3df937dbbc230f07127cee4fead311d1e3d946308365d666?s=96&d=mm&r=g","height":96,"width":96}},"publisher":{"@type":"Organization","name":"ogivi.cz","logo":{"@type":"ImageObject","@id":"\/logo.png","url":"\/logo.png","width":600,"height":60}},"image":{"@type":"ImageObject","@id":"https:\/\/www.ogivi.cz\/wp-content\/uploads\/woman-g9a0a7fa5f_640.jpg","url":"https:\/\/www.ogivi.cz\/wp-content\/uploads\/woman-g9a0a7fa5f_640.jpg","height":0,"width":0},"wordCount":608,"keywords":null},{"@type":"Article","@id":"https:\/\/www.ogivi.cz\/co-nam-do-zivota-pridal-vynalez-mobilu\/","headline":"Co n\u00e1m do \u017eivota p\u0159idal vyn\u00e1lez mobilu?","url":"https:\/\/www.ogivi.cz\/co-nam-do-zivota-pridal-vynalez-mobilu\/","datePublished":"2022-08-27","dateModified":"2023-05-03","mainEntityOfPage":"https:\/\/www.ogivi.cz\/co-nam-do-zivota-pridal-vynalez-mobilu\/","author":{"@type":"Person","@id":"https:\/\/www.ogivi.cz\/author\/#Person","name":"","url":"https:\/\/www.ogivi.cz\/author\/","identifier":1,"image":{"@type":"ImageObject","@id":"https:\/\/secure.gravatar.com\/avatar\/212a6ea425a80cff3df937dbbc230f07127cee4fead311d1e3d946308365d666?s=96&d=mm&r=g","url":"https:\/\/secure.gravatar.com\/avatar\/212a6ea425a80cff3df937dbbc230f07127cee4fead311d1e3d946308365d666?s=96&d=mm&r=g","height":96,"width":96}},"publisher":{"@type":"Organization","name":"ogivi.cz","logo":{"@type":"ImageObject","@id":"\/logo.png","url":"\/logo.png","width":600,"height":60}},"image":{"@type":"ImageObject","@id":"https:\/\/www.ogivi.cz\/wp-content\/uploads\/pexels-photomix-company-230544_4.jpg","url":"https:\/\/www.ogivi.cz\/wp-content\/uploads\/pexels-photomix-company-230544_4.jpg","height":0,"width":0},"wordCount":546,"keywords":null},{"@type":"Article","@id":"https:\/\/www.ogivi.cz\/pristroj-ktery-rozhodne-dnes-uz-potrebuje-kazdy-clovek\/","headline":"P\u0159\u00edstroj, kter\u00fd rozhodn\u011b dnes u\u017e pot\u0159ebuje ka\u017ed\u00fd \u010dlov\u011bk","url":"https:\/\/www.ogivi.cz\/pristroj-ktery-rozhodne-dnes-uz-potrebuje-kazdy-clovek\/","datePublished":"2022-08-02","dateModified":"2023-05-03","mainEntityOfPage":"https:\/\/www.ogivi.cz\/pristroj-ktery-rozhodne-dnes-uz-potrebuje-kazdy-clovek\/","author":{"@type":"Person","@id":"https:\/\/www.ogivi.cz\/author\/#Person","name":"","url":"https:\/\/www.ogivi.cz\/author\/","identifier":1,"image":{"@type":"ImageObject","@id":"https:\/\/secure.gravatar.com\/avatar\/212a6ea425a80cff3df937dbbc230f07127cee4fead311d1e3d946308365d666?s=96&d=mm&r=g","url":"https:\/\/secure.gravatar.com\/avatar\/212a6ea425a80cff3df937dbbc230f07127cee4fead311d1e3d946308365d666?s=96&d=mm&r=g","height":96,"width":96}},"publisher":{"@type":"Organization","name":"ogivi.cz","logo":{"@type":"ImageObject","@id":"\/logo.png","url":"\/logo.png","width":600,"height":60}},"image":{"@type":"ImageObject","@id":"https:\/\/www.ogivi.cz\/wp-content\/uploads\/telephone-g5a079a910_1920.jpg","url":"https:\/\/www.ogivi.cz\/wp-content\/uploads\/telephone-g5a079a910_1920.jpg","height":0,"width":0},"wordCount":507,"keywords":null},{"@type":"Article","@id":"https:\/\/www.ogivi.cz\/pri-rekonstrukci-domu-anebo-staveni-noveho-nezapominejte-na-bezpecnost\/","headline":"P\u0159i rekonstrukci domu anebo stav\u011bn\u00ed nov\u00e9ho nezapom\u00ednejte na bezpe\u010dnost!","url":"https:\/\/www.ogivi.cz\/pri-rekonstrukci-domu-anebo-staveni-noveho-nezapominejte-na-bezpecnost\/","datePublished":"2022-07-17","dateModified":"2022-07-17","mainEntityOfPage":"https:\/\/www.ogivi.cz\/pri-rekonstrukci-domu-anebo-staveni-noveho-nezapominejte-na-bezpecnost\/","author":{"@type":"Person","@id":"https:\/\/www.ogivi.cz\/author\/#Person","name":"","url":"https:\/\/www.ogivi.cz\/author\/","identifier":1,"image":{"@type":"ImageObject","@id":"https:\/\/secure.gravatar.com\/avatar\/212a6ea425a80cff3df937dbbc230f07127cee4fead311d1e3d946308365d666?s=96&d=mm&r=g","url":"https:\/\/secure.gravatar.com\/avatar\/212a6ea425a80cff3df937dbbc230f07127cee4fead311d1e3d946308365d666?s=96&d=mm&r=g","height":96,"width":96}},"publisher":{"@type":"Organization","name":"ogivi.cz","logo":{"@type":"ImageObject","@id":"\/logo.png","url":"\/logo.png","width":600,"height":60}},"image":{"@type":"ImageObject","@id":"https:\/\/www.ogivi.cz\/wp-content\/uploads\/house-g196cfca37_640.jpg","url":"https:\/\/www.ogivi.cz\/wp-content\/uploads\/house-g196cfca37_640.jpg","height":0,"width":0},"wordCount":642,"keywords":null},{"@type":"Article","@id":"https:\/\/www.ogivi.cz\/jak-se-vyvijel-telefon\/","headline":"Jak se vyv\u00edjel telefon?","url":"https:\/\/www.ogivi.cz\/jak-se-vyvijel-telefon\/","datePublished":"2022-07-07","dateModified":"2023-05-03","mainEntityOfPage":"https:\/\/www.ogivi.cz\/jak-se-vyvijel-telefon\/","author":{"@type":"Person","@id":"https:\/\/www.ogivi.cz\/author\/#Person","name":"","url":"https:\/\/www.ogivi.cz\/author\/","identifier":1,"image":{"@type":"ImageObject","@id":"https:\/\/secure.gravatar.com\/avatar\/212a6ea425a80cff3df937dbbc230f07127cee4fead311d1e3d946308365d666?s=96&d=mm&r=g","url":"https:\/\/secure.gravatar.com\/avatar\/212a6ea425a80cff3df937dbbc230f07127cee4fead311d1e3d946308365d666?s=96&d=mm&r=g","height":96,"width":96}},"publisher":{"@type":"Organization","name":"ogivi.cz","logo":{"@type":"ImageObject","@id":"\/logo.png","url":"\/logo.png","width":600,"height":60}},"image":{"@type":"ImageObject","@id":"https:\/\/www.ogivi.cz\/wp-content\/uploads\/business-g182d136ba_640.jpg","url":"https:\/\/www.ogivi.cz\/wp-content\/uploads\/business-g182d136ba_640.jpg","height":0,"width":0},"wordCount":546,"keywords":null},{"@type":"Article","@id":"https:\/\/www.ogivi.cz\/mobil-a-ja\/","headline":"Mobil a j\u00e1","url":"https:\/\/www.ogivi.cz\/mobil-a-ja\/","datePublished":"2022-06-05","dateModified":"2023-05-03","mainEntityOfPage":"https:\/\/www.ogivi.cz\/mobil-a-ja\/","author":{"@type":"Person","@id":"https:\/\/www.ogivi.cz\/author\/#Person","name":"","url":"https:\/\/www.ogivi.cz\/author\/","identifier":1,"image":{"@type":"ImageObject","@id":"https:\/\/secure.gravatar.com\/avatar\/212a6ea425a80cff3df937dbbc230f07127cee4fead311d1e3d946308365d666?s=96&d=mm&r=g","url":"https:\/\/secure.gravatar.com\/avatar\/212a6ea425a80cff3df937dbbc230f07127cee4fead311d1e3d946308365d666?s=96&d=mm&r=g","height":96,"width":96}},"publisher":{"@type":"Organization","name":"ogivi.cz","logo":{"@type":"ImageObject","@id":"\/logo.png","url":"\/logo.png","width":600,"height":60}},"image":{"@type":"ImageObject","@id":"https:\/\/www.ogivi.cz\/wp-content\/uploads\/mobile-phone-1917737_640_6.jpg","url":"https:\/\/www.ogivi.cz\/wp-content\/uploads\/mobile-phone-1917737_640_6.jpg","height":0,"width":0},"wordCount":513,"keywords":null},{"@type":"Article","@id":"https:\/\/www.ogivi.cz\/jak-se-mene-potit\/","headline":"Jak se m\u00e9n\u011b potit?","url":"https:\/\/www.ogivi.cz\/jak-se-mene-potit\/","datePublished":"2022-05-01","dateModified":"2023-05-03","mainEntityOfPage":"https:\/\/www.ogivi.cz\/jak-se-mene-potit\/","author":{"@type":"Person","@id":"https:\/\/www.ogivi.cz\/author\/#Person","name":"","url":"https:\/\/www.ogivi.cz\/author\/","identifier":1,"image":{"@type":"ImageObject","@id":"https:\/\/secure.gravatar.com\/avatar\/212a6ea425a80cff3df937dbbc230f07127cee4fead311d1e3d946308365d666?s=96&d=mm&r=g","url":"https:\/\/secure.gravatar.com\/avatar\/212a6ea425a80cff3df937dbbc230f07127cee4fead311d1e3d946308365d666?s=96&d=mm&r=g","height":96,"width":96}},"publisher":{"@type":"Organization","name":"ogivi.cz","logo":{"@type":"ImageObject","@id":"\/logo.png","url":"\/logo.png","width":600,"height":60}},"image":{"@type":"ImageObject","@id":"https:\/\/www.ogivi.cz\/wp-content\/uploads\/woman-837156_960_720_1.jpg","url":"https:\/\/www.ogivi.cz\/wp-content\/uploads\/woman-837156_960_720_1.jpg","height":0,"width":0},"wordCount":518,"keywords":null},{"@type":"Article","@id":"https:\/\/www.ogivi.cz\/v-letnich-tropech-prijemne-zchlazeni\/","headline":"V letn\u00edch tropech p\u0159\u00edjemn\u00e9 zchlazen\u00ed","url":"https:\/\/www.ogivi.cz\/v-letnich-tropech-prijemne-zchlazeni\/","datePublished":"2022-03-31","dateModified":"2022-03-31","mainEntityOfPage":"https:\/\/www.ogivi.cz\/v-letnich-tropech-prijemne-zchlazeni\/","author":{"@type":"Person","@id":"https:\/\/www.ogivi.cz\/author\/#Person","name":"","url":"https:\/\/www.ogivi.cz\/author\/","identifier":1,"image":{"@type":"ImageObject","@id":"https:\/\/secure.gravatar.com\/avatar\/212a6ea425a80cff3df937dbbc230f07127cee4fead311d1e3d946308365d666?s=96&d=mm&r=g","url":"https:\/\/secure.gravatar.com\/avatar\/212a6ea425a80cff3df937dbbc230f07127cee4fead311d1e3d946308365d666?s=96&d=mm&r=g","height":96,"width":96}},"publisher":{"@type":"Organization","name":"ogivi.cz","logo":{"@type":"ImageObject","@id":"\/logo.png","url":"\/logo.png","width":600,"height":60}},"image":{"@type":"ImageObject","@id":"https:\/\/www.ogivi.cz\/wp-content\/uploads\/air-conditioning-g592b8199c_1920.png","url":"https:\/\/www.ogivi.cz\/wp-content\/uploads\/air-conditioning-g592b8199c_1920.png","height":0,"width":0},"wordCount":516,"keywords":null},{"@type":"Article","@id":"https:\/\/www.ogivi.cz\/hyckejte-se-doma-jako-v-salonu\/","headline":"H\u00fd\u010dkejte se doma jako v salonu","url":"https:\/\/www.ogivi.cz\/hyckejte-se-doma-jako-v-salonu\/","datePublished":"2022-03-31","dateModified":"2023-05-03","mainEntityOfPage":"https:\/\/www.ogivi.cz\/hyckejte-se-doma-jako-v-salonu\/","author":{"@type":"Person","@id":"https:\/\/www.ogivi.cz\/author\/#Person","name":"","url":"https:\/\/www.ogivi.cz\/author\/","identifier":1,"image":{"@type":"ImageObject","@id":"https:\/\/secure.gravatar.com\/avatar\/212a6ea425a80cff3df937dbbc230f07127cee4fead311d1e3d946308365d666?s=96&d=mm&r=g","url":"https:\/\/secure.gravatar.com\/avatar\/212a6ea425a80cff3df937dbbc230f07127cee4fead311d1e3d946308365d666?s=96&d=mm&r=g","height":96,"width":96}},"publisher":{"@type":"Organization","name":"ogivi.cz","logo":{"@type":"ImageObject","@id":"\/logo.png","url":"\/logo.png","width":600,"height":60}},"image":{"@type":"ImageObject","@id":"https:\/\/www.ogivi.cz\/wp-content\/uploads\/woman-g6b6fbc2e7_640_1.jpg","url":"https:\/\/www.ogivi.cz\/wp-content\/uploads\/woman-g6b6fbc2e7_640_1.jpg","height":0,"width":0},"wordCount":509,"keywords":null}]},{"@context":"https:\/\/schema.org","@type":"WebSite","@id":"https:\/\/www.ogivi.cz\/#website","name":"Ogivi","url":"https:\/\/www.ogivi.cz","potentialAction":{"@type":"SearchAction","target":"https:\/\/www.ogivi.cz\/?s={search_term_string}","query-input":"required name=search_term_string"}}]