[{"@context":"https:\/\/schema.org\/","@type":"Blog","@id":"https:\/\/www.ogivi.cz#Blog","headline":"Ogivi","description":"\nWeby, kter\u00e9 my lid\u00e9 na internetu nal\u00e9z\u00e1me, by tam m\u011bly b\u00fdt hlavn\u011b od toho, aby slou\u017eily ve\u0159ejnosti. A aby slou\u017eily stejn\u011b jak pr\u00e1v\u011b tento n\u00e1\u0161 web.","url":"https:\/\/www.ogivi.cz","hasPart":[{"@type":"Article","@id":"https:\/\/www.ogivi.cz\/zacarovany-kruh-kvuli-hypotece\/","headline":"Za\u010darovan\u00fd kruh kv\u016fli hypot\u00e9ce!","url":"https:\/\/www.ogivi.cz\/zacarovany-kruh-kvuli-hypotece\/","datePublished":"2018-04-22","dateModified":"2018-04-22","mainEntityOfPage":"https:\/\/www.ogivi.cz\/zacarovany-kruh-kvuli-hypotece\/","author":{"@type":"Person","@id":"https:\/\/www.ogivi.cz\/author\/#Person","name":"","url":"https:\/\/www.ogivi.cz\/author\/","identifier":1,"image":{"@type":"ImageObject","@id":"https:\/\/secure.gravatar.com\/avatar\/212a6ea425a80cff3df937dbbc230f07127cee4fead311d1e3d946308365d666?s=96&d=mm&r=g","url":"https:\/\/secure.gravatar.com\/avatar\/212a6ea425a80cff3df937dbbc230f07127cee4fead311d1e3d946308365d666?s=96&d=mm&r=g","height":96,"width":96}},"publisher":{"@type":"Organization","name":"ogivi.cz","logo":{"@type":"ImageObject","@id":"\/logo.png","url":"\/logo.png","width":600,"height":60}},"image":{"@type":"ImageObject","@id":"https:\/\/www.ogivi.cz\/wp-content\/uploads\/img_a315719_w2270_t1526585404.jpg","url":"https:\/\/www.ogivi.cz\/wp-content\/uploads\/img_a315719_w2270_t1526585404.jpg","height":0,"width":0},"wordCount":564,"keywords":null},{"@type":"Article","@id":"https:\/\/www.ogivi.cz\/nechte-si-dobre-poradit\/","headline":"Nechte si dob\u0159e poradit","url":"https:\/\/www.ogivi.cz\/nechte-si-dobre-poradit\/","datePublished":"2018-01-22","dateModified":"2018-01-22","mainEntityOfPage":"https:\/\/www.ogivi.cz\/nechte-si-dobre-poradit\/","author":{"@type":"Person","@id":"https:\/\/www.ogivi.cz\/author\/#Person","name":"","url":"https:\/\/www.ogivi.cz\/author\/","identifier":1,"image":{"@type":"ImageObject","@id":"https:\/\/secure.gravatar.com\/avatar\/212a6ea425a80cff3df937dbbc230f07127cee4fead311d1e3d946308365d666?s=96&d=mm&r=g","url":"https:\/\/secure.gravatar.com\/avatar\/212a6ea425a80cff3df937dbbc230f07127cee4fead311d1e3d946308365d666?s=96&d=mm&r=g","height":96,"width":96}},"publisher":{"@type":"Organization","name":"ogivi.cz","logo":{"@type":"ImageObject","@id":"\/logo.png","url":"\/logo.png","width":600,"height":60}},"image":{"@type":"ImageObject","@id":"https:\/\/www.ogivi.cz\/wp-content\/uploads\/img_a318829_w2758_t1529684867.jpg","url":"https:\/\/www.ogivi.cz\/wp-content\/uploads\/img_a318829_w2758_t1529684867.jpg","height":0,"width":0},"wordCount":558,"keywords":null},{"@type":"Article","@id":"https:\/\/www.ogivi.cz\/proc-jet-na-dovolenou-do-spojenych-arabskych-emiratu\/","headline":"Pro\u010d jet na dovolenou do Spojen\u00fdch arabsk\u00fdch emir\u00e1t\u016f?","url":"https:\/\/www.ogivi.cz\/proc-jet-na-dovolenou-do-spojenych-arabskych-emiratu\/","datePublished":"2017-10-28","dateModified":"2017-10-28","mainEntityOfPage":"https:\/\/www.ogivi.cz\/proc-jet-na-dovolenou-do-spojenych-arabskych-emiratu\/","author":{"@type":"Person","@id":"https:\/\/www.ogivi.cz\/author\/#Person","name":"","url":"https:\/\/www.ogivi.cz\/author\/","identifier":1,"image":{"@type":"ImageObject","@id":"https:\/\/secure.gravatar.com\/avatar\/212a6ea425a80cff3df937dbbc230f07127cee4fead311d1e3d946308365d666?s=96&d=mm&r=g","url":"https:\/\/secure.gravatar.com\/avatar\/212a6ea425a80cff3df937dbbc230f07127cee4fead311d1e3d946308365d666?s=96&d=mm&r=g","height":96,"width":96}},"publisher":{"@type":"Organization","name":"ogivi.cz","logo":{"@type":"ImageObject","@id":"\/logo.png","url":"\/logo.png","width":600,"height":60}},"image":{"@type":"ImageObject","@id":"https:\/\/www.ogivi.cz\/wp-content\/uploads\/img_a303743_w2091_t1514487168.jpg","url":"https:\/\/www.ogivi.cz\/wp-content\/uploads\/img_a303743_w2091_t1514487168.jpg","height":0,"width":0},"wordCount":614,"keywords":null},{"@type":"Article","@id":"https:\/\/www.ogivi.cz\/phishing-znovu-v-mode\/","headline":"Phishing znovu v m\u00f3d\u011b","url":"https:\/\/www.ogivi.cz\/phishing-znovu-v-mode\/","datePublished":"2017-08-05","dateModified":"2017-08-05","mainEntityOfPage":"https:\/\/www.ogivi.cz\/phishing-znovu-v-mode\/","author":{"@type":"Person","@id":"https:\/\/www.ogivi.cz\/author\/#Person","name":"","url":"https:\/\/www.ogivi.cz\/author\/","identifier":1,"image":{"@type":"ImageObject","@id":"https:\/\/secure.gravatar.com\/avatar\/212a6ea425a80cff3df937dbbc230f07127cee4fead311d1e3d946308365d666?s=96&d=mm&r=g","url":"https:\/\/secure.gravatar.com\/avatar\/212a6ea425a80cff3df937dbbc230f07127cee4fead311d1e3d946308365d666?s=96&d=mm&r=g","height":96,"width":96}},"publisher":{"@type":"Organization","name":"ogivi.cz","logo":{"@type":"ImageObject","@id":"\/logo.png","url":"\/logo.png","width":600,"height":60}},"image":{"@type":"ImageObject","@id":"https:\/\/www.ogivi.cz\/wp-content\/uploads\/img_a295826_w1767_t1507227905.jpg","url":"https:\/\/www.ogivi.cz\/wp-content\/uploads\/img_a295826_w1767_t1507227905.jpg","height":0,"width":0},"wordCount":496,"keywords":null},{"@type":"Article","@id":"https:\/\/www.ogivi.cz\/uz-jste-jeli-motokarou\/","headline":"U\u017e jste jeli motok\u00e1rou?","url":"https:\/\/www.ogivi.cz\/uz-jste-jeli-motokarou\/","datePublished":"2017-01-19","dateModified":"2017-01-19","mainEntityOfPage":"https:\/\/www.ogivi.cz\/uz-jste-jeli-motokarou\/","author":{"@type":"Person","@id":"https:\/\/www.ogivi.cz\/author\/#Person","name":"","url":"https:\/\/www.ogivi.cz\/author\/","identifier":1,"image":{"@type":"ImageObject","@id":"https:\/\/secure.gravatar.com\/avatar\/212a6ea425a80cff3df937dbbc230f07127cee4fead311d1e3d946308365d666?s=96&d=mm&r=g","url":"https:\/\/secure.gravatar.com\/avatar\/212a6ea425a80cff3df937dbbc230f07127cee4fead311d1e3d946308365d666?s=96&d=mm&r=g","height":96,"width":96}},"publisher":{"@type":"Organization","name":"ogivi.cz","logo":{"@type":"ImageObject","@id":"\/logo.png","url":"\/logo.png","width":600,"height":60}},"image":null,"wordCount":473,"keywords":null},{"@type":"Article","@id":"https:\/\/www.ogivi.cz\/mame-se-radi\/","headline":"M\u00e1me se r\u00e1di","url":"https:\/\/www.ogivi.cz\/mame-se-radi\/","datePublished":"2016-10-08","dateModified":"2016-10-08","mainEntityOfPage":"https:\/\/www.ogivi.cz\/mame-se-radi\/","author":{"@type":"Person","@id":"https:\/\/www.ogivi.cz\/author\/#Person","name":"","url":"https:\/\/www.ogivi.cz\/author\/","identifier":1,"image":{"@type":"ImageObject","@id":"https:\/\/secure.gravatar.com\/avatar\/212a6ea425a80cff3df937dbbc230f07127cee4fead311d1e3d946308365d666?s=96&d=mm&r=g","url":"https:\/\/secure.gravatar.com\/avatar\/212a6ea425a80cff3df937dbbc230f07127cee4fead311d1e3d946308365d666?s=96&d=mm&r=g","height":96,"width":96}},"publisher":{"@type":"Organization","name":"ogivi.cz","logo":{"@type":"ImageObject","@id":"\/logo.png","url":"\/logo.png","width":600,"height":60}},"image":{"@type":"ImageObject","@id":"https:\/\/www.ogivi.cz\/wp-content\/uploads\/img_a277819_w1767_t1601812307.png","url":"https:\/\/www.ogivi.cz\/wp-content\/uploads\/img_a277819_w1767_t1601812307.png","height":0,"width":0},"wordCount":489,"keywords":null}]},{"@context":"https:\/\/schema.org","@type":"WebSite","@id":"https:\/\/www.ogivi.cz\/#website","name":"Ogivi","url":"https:\/\/www.ogivi.cz","potentialAction":{"@type":"SearchAction","target":"https:\/\/www.ogivi.cz\/?s={search_term_string}","query-input":"required name=search_term_string"}}]