[{"@context":"https:\/\/schema.org\/","@type":"Blog","@id":"https:\/\/www.ogivi.cz#Blog","headline":"Ogivi","description":"\nWeby, kter\u00e9 my lid\u00e9 na internetu nal\u00e9z\u00e1me, by tam m\u011bly b\u00fdt hlavn\u011b od toho, aby slou\u017eily ve\u0159ejnosti. A aby slou\u017eily stejn\u011b jak pr\u00e1v\u011b tento n\u00e1\u0161 web.","url":"https:\/\/www.ogivi.cz","hasPart":[{"@type":"Article","@id":"https:\/\/www.ogivi.cz\/spocitame-vam-kalorie\/","headline":"Spo\u010d\u00edt\u00e1me v\u00e1m kalorie","url":"https:\/\/www.ogivi.cz\/spocitame-vam-kalorie\/","datePublished":"2025-02-12","dateModified":"2025-02-12","mainEntityOfPage":"https:\/\/www.ogivi.cz\/spocitame-vam-kalorie\/","author":{"@type":"Person","@id":"https:\/\/www.ogivi.cz\/author\/#Person","name":"","url":"https:\/\/www.ogivi.cz\/author\/","identifier":1,"image":{"@type":"ImageObject","@id":"https:\/\/secure.gravatar.com\/avatar\/212a6ea425a80cff3df937dbbc230f07127cee4fead311d1e3d946308365d666?s=96&d=mm&r=g","url":"https:\/\/secure.gravatar.com\/avatar\/212a6ea425a80cff3df937dbbc230f07127cee4fead311d1e3d946308365d666?s=96&d=mm&r=g","height":96,"width":96}},"publisher":{"@type":"Organization","name":"ogivi.cz","logo":{"@type":"ImageObject","@id":"\/logo.png","url":"\/logo.png","width":600,"height":60}},"image":null,"wordCount":265,"keywords":null},{"@type":"Article","@id":"https:\/\/www.ogivi.cz\/vikendove-pobyty\/","headline":"V\u00edkendov\u00e9 pobyty","url":"https:\/\/www.ogivi.cz\/vikendove-pobyty\/","datePublished":"2025-02-10","dateModified":"2025-02-10","mainEntityOfPage":"https:\/\/www.ogivi.cz\/vikendove-pobyty\/","author":{"@type":"Person","@id":"https:\/\/www.ogivi.cz\/author\/#Person","name":"","url":"https:\/\/www.ogivi.cz\/author\/","identifier":1,"image":{"@type":"ImageObject","@id":"https:\/\/secure.gravatar.com\/avatar\/212a6ea425a80cff3df937dbbc230f07127cee4fead311d1e3d946308365d666?s=96&d=mm&r=g","url":"https:\/\/secure.gravatar.com\/avatar\/212a6ea425a80cff3df937dbbc230f07127cee4fead311d1e3d946308365d666?s=96&d=mm&r=g","height":96,"width":96}},"publisher":{"@type":"Organization","name":"ogivi.cz","logo":{"@type":"ImageObject","@id":"\/logo.png","url":"\/logo.png","width":600,"height":60}},"image":null,"wordCount":223,"keywords":null},{"@type":"Article","@id":"https:\/\/www.ogivi.cz\/lite-podlahy\/","headline":"Lit\u00e9 podlahy","url":"https:\/\/www.ogivi.cz\/lite-podlahy\/","datePublished":"2025-02-03","dateModified":"2025-02-03","mainEntityOfPage":"https:\/\/www.ogivi.cz\/lite-podlahy\/","author":{"@type":"Person","@id":"https:\/\/www.ogivi.cz\/author\/#Person","name":"","url":"https:\/\/www.ogivi.cz\/author\/","identifier":1,"image":{"@type":"ImageObject","@id":"https:\/\/secure.gravatar.com\/avatar\/212a6ea425a80cff3df937dbbc230f07127cee4fead311d1e3d946308365d666?s=96&d=mm&r=g","url":"https:\/\/secure.gravatar.com\/avatar\/212a6ea425a80cff3df937dbbc230f07127cee4fead311d1e3d946308365d666?s=96&d=mm&r=g","height":96,"width":96}},"publisher":{"@type":"Organization","name":"ogivi.cz","logo":{"@type":"ImageObject","@id":"\/logo.png","url":"\/logo.png","width":600,"height":60}},"image":null,"wordCount":191,"keywords":null},{"@type":"Article","@id":"https:\/\/www.ogivi.cz\/s-radiem-jde-zivot-lepe\/","headline":"S r\u00e1diem jde \u017eivot l\u00e9pe","url":"https:\/\/www.ogivi.cz\/s-radiem-jde-zivot-lepe\/","datePublished":"2025-01-27","dateModified":"2025-01-27","mainEntityOfPage":"https:\/\/www.ogivi.cz\/s-radiem-jde-zivot-lepe\/","author":{"@type":"Person","@id":"https:\/\/www.ogivi.cz\/author\/#Person","name":"","url":"https:\/\/www.ogivi.cz\/author\/","identifier":1,"image":{"@type":"ImageObject","@id":"https:\/\/secure.gravatar.com\/avatar\/212a6ea425a80cff3df937dbbc230f07127cee4fead311d1e3d946308365d666?s=96&d=mm&r=g","url":"https:\/\/secure.gravatar.com\/avatar\/212a6ea425a80cff3df937dbbc230f07127cee4fead311d1e3d946308365d666?s=96&d=mm&r=g","height":96,"width":96}},"publisher":{"@type":"Organization","name":"ogivi.cz","logo":{"@type":"ImageObject","@id":"\/logo.png","url":"\/logo.png","width":600,"height":60}},"image":null,"wordCount":224,"keywords":null},{"@type":"Article","@id":"https:\/\/www.ogivi.cz\/luxusni-kabelky\/","headline":"Luxusn\u00ed kabelky","url":"https:\/\/www.ogivi.cz\/luxusni-kabelky\/","datePublished":"2025-01-18","dateModified":"2025-01-18","mainEntityOfPage":"https:\/\/www.ogivi.cz\/luxusni-kabelky\/","author":{"@type":"Person","@id":"https:\/\/www.ogivi.cz\/author\/#Person","name":"","url":"https:\/\/www.ogivi.cz\/author\/","identifier":1,"image":{"@type":"ImageObject","@id":"https:\/\/secure.gravatar.com\/avatar\/212a6ea425a80cff3df937dbbc230f07127cee4fead311d1e3d946308365d666?s=96&d=mm&r=g","url":"https:\/\/secure.gravatar.com\/avatar\/212a6ea425a80cff3df937dbbc230f07127cee4fead311d1e3d946308365d666?s=96&d=mm&r=g","height":96,"width":96}},"publisher":{"@type":"Organization","name":"ogivi.cz","logo":{"@type":"ImageObject","@id":"\/logo.png","url":"\/logo.png","width":600,"height":60}},"image":null,"wordCount":216,"keywords":null},{"@type":"Article","@id":"https:\/\/www.ogivi.cz\/kde-dostanete-informace-tykajici-se-odchodu-do-duchodu\/","headline":"Kde dostanete informace, t\u00fdkaj\u00edc\u00ed se odchodu do d\u016fchodu","url":"https:\/\/www.ogivi.cz\/kde-dostanete-informace-tykajici-se-odchodu-do-duchodu\/","datePublished":"2025-01-13","dateModified":"2025-01-13","mainEntityOfPage":"https:\/\/www.ogivi.cz\/kde-dostanete-informace-tykajici-se-odchodu-do-duchodu\/","author":{"@type":"Person","@id":"https:\/\/www.ogivi.cz\/author\/#Person","name":"","url":"https:\/\/www.ogivi.cz\/author\/","identifier":1,"image":{"@type":"ImageObject","@id":"https:\/\/secure.gravatar.com\/avatar\/212a6ea425a80cff3df937dbbc230f07127cee4fead311d1e3d946308365d666?s=96&d=mm&r=g","url":"https:\/\/secure.gravatar.com\/avatar\/212a6ea425a80cff3df937dbbc230f07127cee4fead311d1e3d946308365d666?s=96&d=mm&r=g","height":96,"width":96}},"publisher":{"@type":"Organization","name":"ogivi.cz","logo":{"@type":"ImageObject","@id":"\/logo.png","url":"\/logo.png","width":600,"height":60}},"image":null,"wordCount":262,"keywords":null},{"@type":"Article","@id":"https:\/\/www.ogivi.cz\/stravovani-je-zelezna-kosile-zkuste-ji-svleknout-a-zacit-jinak\/","headline":"Stravov\u00e1n\u00ed je \u017eelezn\u00e1 ko\u0161ile. Zkuste ji svl\u00e9knout a za\u010d\u00edt jinak.","url":"https:\/\/www.ogivi.cz\/stravovani-je-zelezna-kosile-zkuste-ji-svleknout-a-zacit-jinak\/","datePublished":"2025-01-06","dateModified":"2025-01-06","mainEntityOfPage":"https:\/\/www.ogivi.cz\/stravovani-je-zelezna-kosile-zkuste-ji-svleknout-a-zacit-jinak\/","author":{"@type":"Person","@id":"https:\/\/www.ogivi.cz\/author\/#Person","name":"","url":"https:\/\/www.ogivi.cz\/author\/","identifier":1,"image":{"@type":"ImageObject","@id":"https:\/\/secure.gravatar.com\/avatar\/212a6ea425a80cff3df937dbbc230f07127cee4fead311d1e3d946308365d666?s=96&d=mm&r=g","url":"https:\/\/secure.gravatar.com\/avatar\/212a6ea425a80cff3df937dbbc230f07127cee4fead311d1e3d946308365d666?s=96&d=mm&r=g","height":96,"width":96}},"publisher":{"@type":"Organization","name":"ogivi.cz","logo":{"@type":"ImageObject","@id":"\/logo.png","url":"\/logo.png","width":600,"height":60}},"image":null,"wordCount":280,"keywords":null},{"@type":"Article","@id":"https:\/\/www.ogivi.cz\/chorvatsko-misto-stvorene-pro-dovolenou\/","headline":"Chorvatsko, m\u00edsto stvo\u0159en\u00e9 pro dovolenou","url":"https:\/\/www.ogivi.cz\/chorvatsko-misto-stvorene-pro-dovolenou\/","datePublished":"2025-01-01","dateModified":"2025-01-01","mainEntityOfPage":"https:\/\/www.ogivi.cz\/chorvatsko-misto-stvorene-pro-dovolenou\/","author":{"@type":"Person","@id":"https:\/\/www.ogivi.cz\/author\/#Person","name":"","url":"https:\/\/www.ogivi.cz\/author\/","identifier":1,"image":{"@type":"ImageObject","@id":"https:\/\/secure.gravatar.com\/avatar\/212a6ea425a80cff3df937dbbc230f07127cee4fead311d1e3d946308365d666?s=96&d=mm&r=g","url":"https:\/\/secure.gravatar.com\/avatar\/212a6ea425a80cff3df937dbbc230f07127cee4fead311d1e3d946308365d666?s=96&d=mm&r=g","height":96,"width":96}},"publisher":{"@type":"Organization","name":"ogivi.cz","logo":{"@type":"ImageObject","@id":"\/logo.png","url":"\/logo.png","width":600,"height":60}},"image":null,"wordCount":237,"keywords":null},{"@type":"Article","@id":"https:\/\/www.ogivi.cz\/nemecka-automobilka-znama-po-celem-svete\/","headline":"N\u011bmeck\u00e1 automobilka zn\u00e1m\u00e1 po cel\u00e9m sv\u011bt\u011b!","url":"https:\/\/www.ogivi.cz\/nemecka-automobilka-znama-po-celem-svete\/","datePublished":"2024-12-24","dateModified":"2024-12-24","mainEntityOfPage":"https:\/\/www.ogivi.cz\/nemecka-automobilka-znama-po-celem-svete\/","author":{"@type":"Person","@id":"https:\/\/www.ogivi.cz\/author\/#Person","name":"","url":"https:\/\/www.ogivi.cz\/author\/","identifier":1,"image":{"@type":"ImageObject","@id":"https:\/\/secure.gravatar.com\/avatar\/212a6ea425a80cff3df937dbbc230f07127cee4fead311d1e3d946308365d666?s=96&d=mm&r=g","url":"https:\/\/secure.gravatar.com\/avatar\/212a6ea425a80cff3df937dbbc230f07127cee4fead311d1e3d946308365d666?s=96&d=mm&r=g","height":96,"width":96}},"publisher":{"@type":"Organization","name":"ogivi.cz","logo":{"@type":"ImageObject","@id":"\/logo.png","url":"\/logo.png","width":600,"height":60}},"image":null,"wordCount":266,"keywords":null},{"@type":"Article","@id":"https:\/\/www.ogivi.cz\/kuchyne-nejsou-vsechny-stejne\/","headline":"Kuchyn\u011b nejsou v\u0161echny stejn\u00e9","url":"https:\/\/www.ogivi.cz\/kuchyne-nejsou-vsechny-stejne\/","datePublished":"2024-12-21","dateModified":"2024-12-21","mainEntityOfPage":"https:\/\/www.ogivi.cz\/kuchyne-nejsou-vsechny-stejne\/","author":{"@type":"Person","@id":"https:\/\/www.ogivi.cz\/author\/#Person","name":"","url":"https:\/\/www.ogivi.cz\/author\/","identifier":1,"image":{"@type":"ImageObject","@id":"https:\/\/secure.gravatar.com\/avatar\/212a6ea425a80cff3df937dbbc230f07127cee4fead311d1e3d946308365d666?s=96&d=mm&r=g","url":"https:\/\/secure.gravatar.com\/avatar\/212a6ea425a80cff3df937dbbc230f07127cee4fead311d1e3d946308365d666?s=96&d=mm&r=g","height":96,"width":96}},"publisher":{"@type":"Organization","name":"ogivi.cz","logo":{"@type":"ImageObject","@id":"\/logo.png","url":"\/logo.png","width":600,"height":60}},"image":{"@type":"ImageObject","@id":"https:\/\/www.ogivi.cz\/wp-content\/uploads\/kkkk_1.png","url":"https:\/\/www.ogivi.cz\/wp-content\/uploads\/kkkk_1.png","height":0,"width":0},"wordCount":587,"keywords":null}]},{"@context":"https:\/\/schema.org","@type":"WebSite","@id":"https:\/\/www.ogivi.cz\/#website","name":"Ogivi","url":"https:\/\/www.ogivi.cz","potentialAction":{"@type":"SearchAction","target":"https:\/\/www.ogivi.cz\/?s={search_term_string}","query-input":"required name=search_term_string"}}]