[{"@context":"https:\/\/schema.org\/","@type":"Article","@id":"https:\/\/www.ogivi.cz\/s-dodavkou-do-vysokych-tater\/#Article","mainEntityOfPage":"https:\/\/www.ogivi.cz\/s-dodavkou-do-vysokych-tater\/","headline":"S dod\u00e1vkou do Vysok\u00fdch Tater","name":"S dod\u00e1vkou do Vysok\u00fdch Tater","description":"V\u00edcem\u00edstn\u00e9 dod\u00e1vky umo\u017e\u0148uj\u00ed cestovat v osmi lidech najednou a pro\u017e\u00edt spolu b\u00e1je\u010dnou dovolenou. V tomto sm\u011bru se nab\u00edz\u00ed i j\u00edzda&hellip;","datePublished":"2022-11-13","dateModified":"2023-05-03","author":{"@type":"Person","@id":"https:\/\/www.ogivi.cz\/author\/#Person","name":"","url":"https:\/\/www.ogivi.cz\/author\/","identifier":1,"image":{"@type":"ImageObject","@id":"https:\/\/secure.gravatar.com\/avatar\/212a6ea425a80cff3df937dbbc230f07127cee4fead311d1e3d946308365d666?s=96&d=mm&r=g","url":"https:\/\/secure.gravatar.com\/avatar\/212a6ea425a80cff3df937dbbc230f07127cee4fead311d1e3d946308365d666?s=96&d=mm&r=g","height":96,"width":96}},"publisher":{"@type":"Organization","name":"ogivi.cz","logo":{"@type":"ImageObject","@id":"\/logo.png","url":"\/logo.png","width":600,"height":60}},"image":{"@type":"ImageObject","@id":"https:\/\/www.ogivi.cz\/wp-content\/uploads\/polish-tatra-mountains-gb1ac6c97e_640.jpg","url":"https:\/\/www.ogivi.cz\/wp-content\/uploads\/polish-tatra-mountains-gb1ac6c97e_640.jpg","height":0,"width":0},"url":"https:\/\/www.ogivi.cz\/s-dodavkou-do-vysokych-tater\/","about":["Firmy"],"wordCount":392,"articleBody":"   V\u00edcem\u00edstn\u00e9 dod\u00e1vky umo\u017e\u0148uj\u00ed cestovat v osmi lidech najednou a pro\u017e\u00edt spolu b\u00e1je\u010dnou dovolenou. V tomto sm\u011bru se nab\u00edz\u00ed i j\u00edzda na Slovensko, do Vysok\u00fdch Tater. Mohli byste ji uspo\u0159\u00e1dat nap\u0159\u00edklad na sklonku l\u00e9ta, koncem srpna, kdy ji\u017e pomalu utich\u00e1 hlavn\u00ed sez\u00f3na, a je tu pro pohyb po horsk\u00e9m ter\u00e9nu v\u00edce klidu.Vysok\u00e9 Tatry maj\u00ed jednu obrovskou v\u00fdhodu \u2013 jsou to velehory velmi pohledn\u00e9, kter\u00e9 ost\u0159e kontrastuj\u00ed s \u00fadol\u00edm v jeho bezprost\u0159edn\u00edm okol\u00ed, a nav\u00edc tu nebudete m\u00edt \u017e\u00e1dn\u00e9 probl\u00e9my s jazykovou bari\u00e9rou. Ostatn\u011b do roku 1992 byly Vysok\u00e9 Tatry sou\u010d\u00e1st\u00ed \u00fazem\u00ed federativn\u00edho st\u00e1tu a n\u011bkte\u0159\u00ed lid\u00e9 nepova\u017euj\u00ed rozd\u011blen\u00ed republiky za \u0161\u0165astn\u00fd krok.Objev\u00edte tu celou \u0159adu p\u0159ekr\u00e1sn\u00fdch p\u0159\u00edrodn\u00edch \u00fakaz\u016f, fantastick\u00e9 v\u00fdhledy do krajiny a samoz\u0159ejm\u011b \u010dist\u00fd vzduch bez smogu, bez hluku a stresuj\u00edc\u00ed honi\u010dky, kter\u00e1 prov\u00e1z\u00ed obyvatele velk\u00fdch m\u011bst. Doporu\u010dit bychom v\u00e1m mohli ubytov\u00e1n\u00ed jak p\u0159\u00edmo v n\u011bkter\u00e9m z letovisek, jako je \u0160trbsk\u00e9 Pleso, Star\u00fd Smokovec \u010di Tatransk\u00e1 Lomnica, ov\u0161em v\u00fdhodn\u00e9 m\u016f\u017ee b\u00fdt i tr\u00e1vit noclehy v Popradu, odkud m\u00e1te na panorama hor kr\u00e1sn\u00fd v\u00fdhled. A chcete-li si zpest\u0159it pobyt, zav\u00edtejte do tamn\u00ed botanick\u00e9 zahrady v Tatransk\u00e9 Lomnici.Je tu mnoho turistick\u00fdch trasPronajatou dod\u00e1vku z p\u016fj\u010dovny dod\u00e1vek v Praze 5 lze vyu\u017e\u00edt pro p\u0159em\u00edst\u011bn\u00ed do r\u016fzn\u00fdch lokalit, odkud se daj\u00ed podnikat krat\u0161\u00ed i celodenn\u00ed v\u00fdstupy. Dod\u00e1vka p\u0159ijde vhod zejm\u00e9na proto, \u017ee se budete z t\u00fary vracet unaven\u00ed, a uv\u00edt\u00e1te pak bezpe\u010dn\u00e9 z\u00e1zem\u00ed, kde budete m\u00edt ulo\u017een\u00e9 \u010dist\u00e9 oble\u010den\u00ed nebo obuv na p\u0159evle\u010den\u00ed, a tak\u00e9 tu m\u016f\u017eete m\u00edt k dispozici p\u0159ipravenou sva\u010dinu. Nebudete muset proj\u00ed\u017ed\u011bt nap\u0159\u00ed\u010d horsk\u00fdm masivem po \u017eeleznici, kter\u00e1 b\u00fdv\u00e1 p\u0159epln\u011bn\u00e1, a n\u011bkdy ani nejsou k dispozici m\u00edsta k sezen\u00ed. Pochopiteln\u011b odpadne i z\u00e1vislost na j\u00edzdn\u00edch \u0159\u00e1dech TE\u017d (Tatransk\u00e9 elektrick\u00e9 \u017eeleznice), kter\u00fdm se mus\u00edte p\u0159izp\u016fsobit, zat\u00edmco s dod\u00e1vkou jste zcela p\u00e1ny sv\u00e9ho \u010dasu.                                                                                                                                                                                                                                                                                                                                                                                                  "},{"@context":"https:\/\/schema.org\/","@type":"BreadcrumbList","itemListElement":[{"@type":"ListItem","position":1,"name":"S dod\u00e1vkou do Vysok\u00fdch Tater","item":"https:\/\/www.ogivi.cz\/s-dodavkou-do-vysokych-tater\/#breadcrumbitem"}]}]