[{"@context":"https:\/\/schema.org\/","@type":"Article","@id":"https:\/\/www.ogivi.cz\/vybavte-vaseho-prcka-na-tuhou-zimu\/#Article","mainEntityOfPage":"https:\/\/www.ogivi.cz\/vybavte-vaseho-prcka-na-tuhou-zimu\/","headline":"Vybavte va\u0161eho prcka na tuhou zimu","name":"Vybavte va\u0161eho prcka na tuhou zimu","description":"Rodi\u010de v posledn\u00ed dob\u011b d\u011bkuj\u00ed v\u0161emu, co jen na chv\u00edli dok\u00e1\u017ee d\u011bti vyt\u00e1hnout ven od jejich po\u010d\u00edta\u010d\u016f a televiz\u00ed, aby&hellip;","datePublished":"2022-11-22","dateModified":"2023-05-03","author":{"@type":"Person","@id":"https:\/\/www.ogivi.cz\/author\/#Person","name":"","url":"https:\/\/www.ogivi.cz\/author\/","identifier":1,"image":{"@type":"ImageObject","@id":"https:\/\/secure.gravatar.com\/avatar\/212a6ea425a80cff3df937dbbc230f07127cee4fead311d1e3d946308365d666?s=96&d=mm&r=g","url":"https:\/\/secure.gravatar.com\/avatar\/212a6ea425a80cff3df937dbbc230f07127cee4fead311d1e3d946308365d666?s=96&d=mm&r=g","height":96,"width":96}},"publisher":{"@type":"Organization","name":"ogivi.cz","logo":{"@type":"ImageObject","@id":"\/logo.png","url":"\/logo.png","width":600,"height":60}},"image":{"@type":"ImageObject","@id":"https:\/\/www.ogivi.cz\/wp-content\/uploads\/cepice_2.jpg","url":"https:\/\/www.ogivi.cz\/wp-content\/uploads\/cepice_2.jpg","height":0,"width":0},"url":"https:\/\/www.ogivi.cz\/vybavte-vaseho-prcka-na-tuhou-zimu\/","about":["Nakupov\u00e1n\u00ed"],"wordCount":431,"articleBody":"        Rodi\u010de v posledn\u00ed dob\u011b d\u011bkuj\u00ed v\u0161emu, co jen na chv\u00edli dok\u00e1\u017ee d\u011bti vyt\u00e1hnout ven od jejich po\u010d\u00edta\u010d\u016f a televiz\u00ed, aby tr\u00e1vily v\u00edce \u010dasu s kamar\u00e1dy n\u011bkde na vzduchu nebo prost\u011b venku a u\u017e\u00edvaly si dobrodru\u017estv\u00ed, kter\u00e9 to sebou p\u0159in\u00e1\u0161\u00ed. Obl\u00edben\u00fdmi se staly tak\u00e9 lesn\u00ed mate\u0159sk\u00e9 \u0161kolky, kter\u00e9 se p\u0159\u00edmo na tento probl\u00e9m zam\u011b\u0159uj\u00ed a tr\u00e1v\u00ed v nich d\u011bti v\u00edce \u010dasu v p\u0159\u00edrod\u011b a pak v jut\u011b v\u011bt\u0161inou. Do takov\u00e9 \u0161koly je ale t\u0159eba va\u0161e ratolesti \u0159\u00e1dn\u011b obl\u00e9knout a na kvalit\u011b rozhodn\u011b ne\u0161et\u0159it.Ka\u017ed\u00fd rodi\u010d, kter\u00fd tr\u00e1vil \u010das s d\u00edt\u011btem doma, kdy\u017e je nemocn\u00e9, ur\u010dit\u011b souhlasn\u011b pok\u00fdvne hlavou, \u017ee je to opravdu fu\u0161ka vym\u00fd\u0161let v takov\u00fdch situac\u00edch program pro d\u011bti. Co takhle se s nimi ale vydat ven, i kdy\u017e je venku takov\u00e9 po\u010das\u00ed, \u017ee by psa nevyhnal, kdy\u017e pr\u0161\u00ed nebo sn\u011b\u017e\u00ed? Oboj\u00ed po\u010das\u00ed ale d\u011bti l\u00e1k\u00e1 d\u011blat r\u016fzn\u00e9 neplechy. Bu\u010fte jako rodi\u010de v\u00edce odpoutan\u011bj\u0161\u00ed a po\u0159i\u010fte jim oble\u010den\u00ed, kter\u00e9 jim to bude moci dovolit, kter\u00e9 jim nepromokne, ve kter\u00e9m se neprochladnou a kter\u00e9 jim n\u011bjak\u00fd ten p\u00e1tek vydr\u017e\u00ed, co\u017e je u d\u011bt\u00ed speci\u00e1ln\u011b docela probl\u00e9m. Didriksons https:\/\/www.c-store.cz\/DIDRIKSONS1913-c134_0_1.htm je \u0161v\u00e9dsk\u00e1 zna\u010dka oble\u010den\u00ed, kter\u00e9 se za\u010dalo vyr\u00e1b\u011bt u\u017e na za\u010d\u00e1tku dvac\u00e1t\u00e9ho stolet\u00ed a bylo nejprve ur\u010den\u00e9 pro ryb\u00e1\u0159e, tak\u017ee bude patrn\u011b ur\u010den\u00e9 opravdu pro ty u\u017eivatele, kte\u0159\u00ed necht\u011bj\u00ed promoknout. Tato zna\u010dka se dostala a\u017e k v\u00fdrob\u011b oble\u010den\u00ed a dopl\u0148k\u016f pro d\u011bti, a nav\u00edc m\u00e1 takovou jednu skrytou vychyt\u00e1vku, d\u00edky kter\u00e9 v\u00e1s to skute\u010dn\u011b nal\u00e1k\u00e1 k tomu, abyste i vy va\u0161im d\u011btem produkty od t\u00e9to zna\u010dky koupili. Oble\u010den\u00ed toti\u017e dok\u00e1\u017ee r\u016fst s d\u011btmi, jakmile vyrostou ze svoj\u00ed velikosti, sta\u010d\u00ed povolit jeden \u0161ev a oble\u010den\u00ed n\u00e1hle povyroste, stejn\u011b jako va\u0161e d\u00edtko. To je skv\u011bl\u00e9, nebudete muset oble\u010den\u00ed hned muset vy\u0159adit, jakmile se v\u00e1m tohle stane, ale pohodln\u011b v\u00e1m vydr\u017e\u00ed pro d\u00edt\u011b i na n\u00e1sleduj\u00edc\u00ed zimn\u00ed sez\u00f3nu. Vyr\u00e1b\u011bj\u00ed dokonce i termo pr\u00e1dlo a dopl\u0148ky jako jsou po\u0159\u00e1dn\u00e9 \u010depice, ve kter\u00fdch d\u011btem rozhodn\u011b zima nehroz\u00ed.                                                                                                                                                                                                                                                                                                                                                                                                   "},{"@context":"https:\/\/schema.org\/","@type":"BreadcrumbList","itemListElement":[{"@type":"ListItem","position":1,"name":"Vybavte va\u0161eho prcka na tuhou zimu","item":"https:\/\/www.ogivi.cz\/vybavte-vaseho-prcka-na-tuhou-zimu\/#breadcrumbitem"}]}]